{"id":18016,"date":"2021-11-03T14:10:53","date_gmt":"2021-11-03T13:10:53","guid":{"rendered":"https:\/\/www.flyingangelsfoundation.org\/?p=18016"},"modified":"2021-11-05T10:43:05","modified_gmt":"2021-11-05T09:43:05","slug":"salvali2021","status":"publish","type":"post","link":"https:\/\/www.flyingangelsfoundation.org\/en\/news\/salvali2021\/","title":{"rendered":"Riparte la campagna nazionale #SalvAli a favore del Fondo Voli Sospesi"},"content":{"rendered":"<p>[et_pb_section fb_built=&#8221;1&#8243; admin_label=&#8221;Intro&#8221; _builder_version=&#8221;4.0.6&#8243; custom_padding=&#8221;0px||0px|||&#8221;][et_pb_row admin_label=&#8221;Riga&#8221; _builder_version=&#8221;4.0.6&#8243;][et_pb_column type=&#8221;4_4&#8243; _builder_version=&#8221;4.0.6&#8243;][et_pb_text _builder_version=&#8221;4.9.4&#8243;]<\/p>\n<h4>Si rinnova l&#8217;appuntamento annuale con #<strong>saveThem<\/strong><\/h4>\n<p>Dal <strong>7 al 20 Novembre<\/strong> si rinnova l&#8217;appuntamento con la <strong>campagna annuale di sensibilizzazione e raccolta fondi<\/strong> promossa da Flying Angels Foundation, SalvALI.<br \/>Attraverso il sito <a href=\"http:\/\/www.salvali.org\"><strong>www.salvali.org<\/strong><\/a> si potr\u00e0 sostenere il <strong>Fondo Voli Sospesi<\/strong>, costituito appositamente in fase di emergenza, per poter garantire una risposta pronta ed immediata in caso di <strong>richieste di aiuto urgenti e improvvise da parte di bambini gravemente malati<\/strong>, bisognosi di volare lontano per ricevere cure salvaVita.<br \/><strong>Un contributo concreto per affrontare l\u2019onda lunga di richieste di aiuto che sta arrivando dopo la fase pi\u00f9 dura della pandemia da Covid 19.<\/strong><\/p>\n<p>[\/et_pb_text][\/et_pb_column][\/et_pb_row][\/et_pb_section][et_pb_section fb_built=&#8221;1&#8243; admin_label=&#8221;tema&#8221; _builder_version=&#8221;4.9.4&#8243; background_color=&#8221;#d5edfa&#8221; custom_padding=&#8221;0px||0px|||&#8221;][et_pb_row column_structure=&#8221;3_5,2_5&#8243; admin_label=&#8221;tema della campagna&#8221; _builder_version=&#8221;4.0.6&#8243;][et_pb_column type=&#8221;3_5&#8243; _builder_version=&#8221;4.0.6&#8243;][et_pb_text admin_label=&#8221;annuncio stampa&#8221; _builder_version=&#8221;4.9.4&#8243;]<\/p>\n<h3>Anche tu puoi diventare un Angelo.<\/h3>\n<div>\n<p>La campagna #salvALI comprende un <strong>annuncio stampa<\/strong>\u00a0sul tema <strong>\u201cGli angeli non si vedono ma lasciano il segno\u201d<\/strong>. Come una piuma abbandonata, secondo la tradizione popolare, e\u0300 il segnale della presenza di un angelo, attraverso il gesto concreto della donazione tutti possono diventare angeli per tanti bambini, che possono volare verso ospedali specializzati in grado di aiutarli.<\/p>\n<p>Protagonista \u00e8 la piccola <span style=\"color: #ff0000;\"><strong>Nataly Isabella, una bimba di 3 anni che dall\u2019Honduras ha volato fino a Barcellona<\/strong><\/span>, presso la Clinica Tres Torres, dove ha subito un <span style=\"color: #ff0000;\"><strong>impianto\u00a0cocleare che le ha restituito l\u2019udito e le ha cambiato la vita<\/strong><\/span>. \u201c<em>Questo viaggio cos\u00ec lontano da casa ha avuto un significato profondissimo per mia figlia: ha segnato l\u2019inizio di un nuovo futuro per lei<\/em>\u201d ha raccontato la sua mamma.<\/p>\n<\/div>\n<div>\n<p>&nbsp;<\/p>\n<\/div>\n<p>[\/et_pb_text][\/et_pb_column][et_pb_column type=&#8221;2_5&#8243; _builder_version=&#8221;4.0.6&#8243;][et_pb_image src=&#8221;https:\/\/www.flyingangelsfoundation.org\/wp-content\/uploads\/2021\/11\/A.01.Salvali-2021-Digital-Banner-Post-1200&#215;1200-1.png&#8221; title_text=&#8221;A.01.Salvali 2021 &#8211; Digital &#8211; Banner &#8211; Post &#8211; 1200&#215;1200&#8243; admin_label=&#8221;Immagine&#8221; _builder_version=&#8221;4.9.4&#8243;][\/et_pb_image][\/et_pb_column][\/et_pb_row][et_pb_row column_structure=&#8221;2_5,3_5&#8243; disabled_on=&#8221;on|off|off&#8221; admin_label=&#8221;tema della campagna&#8221; _builder_version=&#8221;4.0.6&#8243;][et_pb_column type=&#8221;2_5&#8243; _builder_version=&#8221;4.0.6&#8243;][et_pb_video src=&#8221;https:\/\/youtu.be\/yvwMKJOEqvU&#8221; _builder_version=&#8221;4.9.4&#8243; _module_preset=&#8221;default&#8221;][\/et_pb_video][\/et_pb_column][et_pb_column type=&#8221;3_5&#8243; _builder_version=&#8221;4.0.6&#8243;][et_pb_text admin_label=&#8221;Il video&#8221; _builder_version=&#8221;4.9.4&#8243;]<\/p>\n<h3>Lo spot &#8220;<em>il viaggio indimenticabile<\/em>&#8220;<\/h3>\n<div>\n<p>Tema dello spot televisivo e radiofonico di #salvALI \u00e8 il <strong>\u201cviaggio indimenticabile\u201d<\/strong>, che ciascuno interpreta secondo le proprie esperienze, la propria sensibilit\u00e0 e i valori personali. Per Angelo il viaggio aereo porta con s\u00e9 i valori della solidariet\u00e0 e della vita ed \u00e8 indimenticabile perch\u00e9 non si esaurisce nel passato, ma, attraverso la donazione, diventa il futuro del piccolo Daniel. Grazie a Flying Angels, <span style=\"color: #ff0000;\"><strong>a 18 mesi Daniel ha volato dalla Nigeria fino in Italia<\/strong><\/span>, insieme alla sua mamma, <span style=\"color: #ff0000;\"><strong>per essere sottoposto a una delicatissima e vitale operazione al cuore<\/strong><\/span>.<\/p>\n<\/div>\n<p>[\/et_pb_text][\/et_pb_column][\/et_pb_row][et_pb_row column_structure=&#8221;3_5,2_5&#8243; disabled_on=&#8221;off|on|on&#8221; admin_label=&#8221;tema della campagna&#8221; _builder_version=&#8221;4.0.6&#8243;][et_pb_column type=&#8221;3_5&#8243; _builder_version=&#8221;4.0.6&#8243;][et_pb_text admin_label=&#8221;Il video&#8221; _builder_version=&#8221;4.9.4&#8243;]<\/p>\n<h3>Lo spot &#8220;<em>il viaggio indimenticabile<\/em>&#8220;<\/h3>\n<div>\n<p>Tema dello spot televisivo e radiofonico di #salvALI \u00e8 il <strong>\u201cviaggio indimenticabile\u201d<\/strong>, che ciascuno interpreta secondo le proprie esperienze, la propria sensibilit\u00e0 e i valori personali. Per Angelo il viaggio aereo porta con s\u00e9 i valori della solidariet\u00e0 e della vita ed \u00e8 indimenticabile perch\u00e9 non si esaurisce nel passato, ma, attraverso la donazione, diventa il futuro del piccolo Daniel. Grazie a Flying Angels, <strong>a 18 mesi Daniel ha volato dalla Nigeria fino in Italia<\/strong>, insieme alla sua mamma, per essere sottoposto a una delicatissima e vitale operazione al cuore.<\/p>\n<\/div>\n<p>[\/et_pb_text][\/et_pb_column][et_pb_column type=&#8221;2_5&#8243; _builder_version=&#8221;4.0.6&#8243;][et_pb_video src=&#8221;https:\/\/youtu.be\/yvwMKJOEqvU&#8221; _builder_version=&#8221;4.9.4&#8243; _module_preset=&#8221;default&#8221;][\/et_pb_video][\/et_pb_column][\/et_pb_row][\/et_pb_section][et_pb_section fb_built=&#8221;1&#8243; admin_label=&#8221;FAF e call to action&#8221; _builder_version=&#8221;4.9.4&#8243; _module_preset=&#8221;default&#8221; background_color=&#8221;#ff242c&#8221;][et_pb_row admin_label=&#8221;Mission FAF e call to action&#8221; _builder_version=&#8221;4.0.6&#8243;][et_pb_column type=&#8221;4_4&#8243; _builder_version=&#8221;4.0.6&#8243;][et_pb_text _builder_version=&#8221;4.9.4&#8243; text_orientation=&#8221;center&#8221; background_layout=&#8221;dark&#8221;]<\/p>\n<h5><strong>Garantire miglia di emergenza per assicurare tempestivamente il trasporto aereo di bambine e bambini gravemente malati<\/strong>, che non possono essere curati nel loro paese e per le equipe mediche che partono per missioni chirurgiche nei paesi in via di sviluppo \u00e8 la missione di Flying Angels.<\/h5>\n<h5>La Fondazione, grazie alla<strong> collaborazione con circa 100 associazioni non profit, <\/strong><strong>dal 2012 <\/strong>ha permesso di salvare <strong>oltre 2100 bambini di tutto il mondo<\/strong>, <strong>finanziando circa 4.000 biglietti aerei<\/strong>, tra cui quelli relativi a <strong>oltre 70 missioni mediche.<\/strong><\/h5>\n<p>[\/et_pb_text][\/et_pb_column][\/et_pb_row][\/et_pb_section][et_pb_section fb_built=&#8221;1&#8243; admin_label=&#8221;quotes&#8221; _builder_version=&#8221;4.4.0&#8243; use_background_color_gradient=&#8221;on&#8221; background_color_gradient_start=&#8221;#ffffff&#8221; background_color_gradient_end=&#8221;rgba(239,249,255,0.43)&#8221; background_color_gradient_overlays_image=&#8221;on&#8221; background_image=&#8221;https:\/\/www.flyingangelsfoundation.org\/wp-content\/uploads\/2020\/10\/Sfondo-piumeazzurre.jpg&#8221; top_divider_flip=&#8221;vertical&#8221; custom_css_before=&#8221;.et_pb_number_counter .percent p {|||| font-size: 67px;|| color: #00adef !important;|| text-shadow: 0em 0.04em 0em #eff9ff;||||}&#8221;][et_pb_row column_structure=&#8221;2_3,1_3&#8243; _builder_version=&#8221;4.0.6&#8243;][et_pb_column type=&#8221;2_3&#8243; _builder_version=&#8221;4.0.6&#8243;][et_pb_text admin_label=&#8221;Quote Iguera&#8221; _builder_version=&#8221;4.9.4&#8243;]<\/p>\n<blockquote>\n<p>\u201c<em>Dopo la fase pi\u00f9 dura della pandemia, che in molti casi ha costretto molte famiglie a riprogrammare gli interventi chirurgici necessari, le richieste di voli salvavita sono cresciute in maniera esponenziale e ci arrivano davvero da ogni parte del mondo: in particolare da Africa, Sud America ed Europa Orientale<\/em>\u2013 spiega <strong>Mauro Iguera, presidente di Flying Angels Foundation<\/strong>. \u2013<em> Un\u2019onda lunga di richieste di aiuto, rese ancora pi\u00f9 urgenti e complesse, sia dal punto di vista organizzativo e burocratico, a causa dei protocolli anti Covid19, sia dal punto di vista sanitario, per via dell\u2019aggravarsi delle condizioni cliniche di molti bambini che sono stati costretti a rimandare le operazioni. Per questo \u00e8 importante non farci trovare impreparati e riuscire ad agire in maniera tempestiva ed efficace, affinch\u00e9 venga tutelato il diritto alla cura e alla vita di tutti i bimbi bisognosi di cure ospedaliere che si rivolgono a noi\u201d.<\/em><\/p>\n<\/blockquote>\n<p>[\/et_pb_text][\/et_pb_column][et_pb_column type=&#8221;1_3&#8243; _builder_version=&#8221;4.0.6&#8243;][et_pb_image src=&#8221;https:\/\/www.flyingangelsfoundation.org\/wp-content\/uploads\/2021\/04\/Iguera.jpg&#8221; title_text=&#8221;Iguera&#8221; _builder_version=&#8221;4.9.4&#8243; _module_preset=&#8221;default&#8221;][\/et_pb_image][\/et_pb_column][\/et_pb_row][\/et_pb_section][et_pb_section fb_built=&#8221;1&#8243; admin_label=&#8221;FAF e call to action&#8221; _builder_version=&#8221;4.9.4&#8243; _module_preset=&#8221;default&#8221; background_color=&#8221;#FFFFFF&#8221;][et_pb_row admin_label=&#8221;Mission FAF e call to action&#8221; _builder_version=&#8221;4.0.6&#8243;][et_pb_column type=&#8221;4_4&#8243; _builder_version=&#8221;4.0.6&#8243;][et_pb_text _builder_version=&#8221;4.9.4&#8243; text_orientation=&#8221;center&#8221;]<\/p>\n<h5>Il Fondo Voli Sospesi, \u00e8 ora vitale, pi\u00f9 che mai.<br \/>Per dare il proprio contributo alla campagna #salvALI di Flying Angels Foundation \u00e8 possibile effettuare una <strong>donazione sul sito <\/strong><a href=\"http:\/\/www.salvali.org\"><strong>www.salvali.org<\/strong><\/a>.<\/h5>\n<p>[\/et_pb_text][et_pb_button button_url=&#8221;https:\/\/www.flyingangelsfoundation.org\/salvali&#8221; button_text=&#8221;Dona ora, salvAli&#8221; button_alignment=&#8221;center&#8221; _builder_version=&#8221;4.9.4&#8243; _module_preset=&#8221;_initial&#8221;][\/et_pb_button][\/et_pb_column][\/et_pb_row][\/et_pb_section][et_pb_section fb_built=&#8221;1&#8243; admin_label=&#8221;partner&#8221; _builder_version=&#8221;4.4.0&#8243; background_color=&#8221;#00adef&#8221;][et_pb_row _builder_version=&#8221;4.4.0&#8243; background_color=&#8221;rgba(0,0,0,0)&#8221;][et_pb_column type=&#8221;4_4&#8243; _builder_version=&#8221;4.0.6&#8243;][et_pb_text _builder_version=&#8221;4.9.4&#8243; background_layout=&#8221;dark&#8221;]<\/p>\n<h2>Partner e patrocini<\/h2>\n<p>Si rinnova anche quest&#8217;anno il prezioso patrocinio del <strong>Ministero degli Affari Esteri e della Cooperazione Internazionale <\/strong>e la\u00a0collaborazione di<strong> ENAC<\/strong> <strong>(Ente Nazionale per l\u2019Aviazione Civile) <\/strong>e di <strong>Assaeroporti<\/strong>, che coinvolgeranno gli aeroporti di <strong> di Alghero, Bergamo, Bologna, Cagliari, Catania, Genova, Milano Linate, Milano Malpensa, Napoli, Palermo, Rimini, Torino e Trapani<\/strong> per la diffusione e la promozione della campagna, sia attraverso i loro siti web che gli account social media\u00a0 ed all\u2019interno delle aerostazioni.<\/p>\n<p><strong>Media partner<\/strong> della campagna sono le emittenti radiotelevisive nazionali<strong> <em>La7, Sky, TeleRadio Norba, Radio Deejay e RDS<\/em><\/strong>, e le testate <strong><em>Ediforum (DailyMedia, DailyNet, Mediaforum e Netforum), Fanpage.it, La Verit\u00e0, La Notizia<\/em>, <\/strong>che hanno concesso gratuitamente gli spazi pubblicitari.<\/p>\n<p><strong>Lo spot della campagna #salvALI\u00a0<\/strong>sar\u00e0 infine diffuso presso le\u00a0<strong>circa 100 aree di servizio pi\u00f9 grandi e frequentate della rete gestita da Autostrade per l\u2019Italia.<\/strong><\/p>\n<p>[\/et_pb_text][\/et_pb_column][\/et_pb_row][\/et_pb_section][et_pb_section fb_built=&#8221;1&#8243; _builder_version=&#8221;4.9.4&#8243; _module_preset=&#8221;default&#8221; background_color=&#8221;#84d0f0&#8243; hover_enabled=&#8221;0&#8243; sticky_enabled=&#8221;0&#8243;][et_pb_row column_structure=&#8221;1_2,1_2&#8243; _builder_version=&#8221;4.9.4&#8243;][et_pb_column type=&#8221;1_2&#8243; _builder_version=&#8221;4.0.6&#8243;][et_pb_text admin_label=&#8221;Quote dir gen enac&#8221; _builder_version=&#8221;4.9.4&#8243;]<\/p>\n<blockquote>\n<p>\u201c<em>Rinnoviamo anche quest\u2019anno con partecipazione e vicinanza <\/em>\u2013 commenta il <strong>Direttore Generale dell\u2019ENAC<\/strong> <strong>Alessio Quaranta<\/strong> <em>&#8211;<\/em><em> il patrocinio e il supporto alla campagna #salvALI per promuovere il Fondo Voli Sospesi. L\u2019emergenza sanitaria che ha coinvolto tutto il mondo ha evidenziato ancora di pi\u00f9 la fragilit\u00e0 umana. Aiutare quindi le persone che hanno bisogno ad ottenere cure che salvano la vita o ne migliorano la qualit\u00e0 \u00e8 un dovere che tutti dovremmo sentire. L\u2019ENAC partecipa attivamente alla compagna di sensibilizzazione dando la massima diffusione all\u2019iniziativa attraverso i propri canali di comunicazione. Chiamiamo a raccolta i passeggeri e il mondo dell\u2019aviazione civile, per un contributo concreto che aiuti a garantire la tempestivit\u00e0 dei trasferimenti aerei e far volare sia questi bambini verso gli ospedali e il personale sanitario che potranno prendersi cura di loro, sia i medici in missione sanitaria<\/em><em>\u201d. <\/em><\/p>\n<\/blockquote>\n<p>[\/et_pb_text][\/et_pb_column][et_pb_column type=&#8221;1_2&#8243; _builder_version=&#8221;4.0.6&#8243;][et_pb_text admin_label=&#8221;Quote dir gen assaeroporti&#8221; _builder_version=&#8221;4.9.4&#8243;]<\/p>\n<blockquote>\n<p><em>\u201cLa comunit\u00e0 aeroportuale \u00e8 lieta di supportare attivamente la campagna di sensibilizzazione e raccolta fondi #salvALI di Flying Angels \u2013 <\/em>aggiunge il <strong>Direttore Generale di Assaeroporti, Valentina Lener<\/strong>.<em> &#8211; Poter contribuire alla promozione di questo Progetto, che mira ad alleviare le sofferenze di bambini gravemente malati, ci rende fieri di essere parte di una filiera che permette di collegare persone provenienti da diverse parti del mondo, offrendo opportunit\u00e0 di cure altrimenti precluse nei Paesi di origine. Dopo un anno durissimo, che ha imposto una forte contrazione della connettivit\u00e0 aerea, guardiamo con rinnovato slancio a questa ripartenza, con l\u2019impegno, sempre pi\u00f9 forte, a migliorare il nostro settore e a sostenere iniziative, come questa, che contribuiscono ad un futuro pi\u00f9 sostenibile\u201d.<\/em><\/p>\n<\/blockquote>\n<p>[\/et_pb_text][\/et_pb_column][\/et_pb_row][\/et_pb_section][et_pb_section fb_built=&#8221;1&#8243; _builder_version=&#8221;4.9.4&#8243; _module_preset=&#8221;default&#8221; background_color=&#8221;#FFFFFF&#8221;][et_pb_row _builder_version=&#8221;4.9.4&#8243; _module_preset=&#8221;default&#8221;][et_pb_column type=&#8221;4_4&#8243; _builder_version=&#8221;4.9.4&#8243; _module_preset=&#8221;default&#8221;][et_pb_image src=&#8221;https:\/\/www.flyingangelsfoundation.org\/wp-content\/uploads\/2021\/09\/Patrocini.png&#8221; title_text=&#8221;Patrocini&#8221; align=&#8221;center&#8221; _builder_version=&#8221;4.9.4&#8243; _module_preset=&#8221;default&#8221; background_color=&#8221;#FFFFFF&#8221;][\/et_pb_image][\/et_pb_column][\/et_pb_row][\/et_pb_section]<\/p>","protected":false},"excerpt":{"rendered":"<p>Dal 7 al 20 Novembre si rinnova l\u2019appuntamento con la campagna annuale di sensibilizzazione e raccolta fondi promossa da Flying Angels Foundation, SalvALI. <\/p>","protected":false},"author":4,"featured_media":17022,"comment_status":"open","ping_status":"open","sticky":false,"template":"","format":"standard","meta":{"_et_pb_use_builder":"on","_et_pb_old_content":"","_et_gb_content_width":"","footnotes":""},"categories":[12],"tags":[],"class_list":["post-18016","post","type-post","status-publish","format-standard","has-post-thumbnail","hentry","category-news"],"yoast_head":"<!-- This site is optimized with the Yoast SEO plugin v27.5 - https:\/\/yoast.com\/product\/yoast-seo-wordpress\/ -->\n<title>Riparte la campagna nazionale #SalvAli a favore del Fondo Voli Sospesi - Flying Angels Foundation ETS<\/title>\n<meta name=\"robots\" content=\"index, follow, max-snippet:-1, max-image-preview:large, max-video-preview:-1\" \/>\n<link rel=\"canonical\" href=\"https:\/\/www.flyingangelsfoundation.org\/en\/news\/salvali2021\/\" \/>\n<meta property=\"og:locale\" content=\"en_GB\" \/>\n<meta property=\"og:type\" content=\"article\" \/>\n<meta property=\"og:title\" content=\"Riparte la campagna nazionale #SalvAli a favore del Fondo Voli Sospesi - Flying Angels Foundation ETS\" \/>\n<meta property=\"og:description\" content=\"Dal 7 al 20 Novembre si rinnova l\u2019appuntamento con la campagna annuale di sensibilizzazione e raccolta fondi promossa da Flying Angels Foundation, SalvALI.\" \/>\n<meta property=\"og:url\" content=\"https:\/\/www.flyingangelsfoundation.org\/en\/news\/salvali2021\/\" \/>\n<meta property=\"og:site_name\" content=\"Flying Angels Foundation ETS\" \/>\n<meta property=\"article:published_time\" content=\"2021-11-03T13:10:53+00:00\" \/>\n<meta property=\"article:modified_time\" content=\"2021-11-05T09:43:05+00:00\" \/>\n<meta property=\"og:image\" content=\"https:\/\/www.flyingangelsfoundation.org\/wp-content\/uploads\/2021\/09\/Natalie-slider-e1632473281354.png\" \/>\n\t<meta property=\"og:image:width\" content=\"1910\" \/>\n\t<meta property=\"og:image:height\" content=\"1248\" \/>\n\t<meta property=\"og:image:type\" content=\"image\/png\" \/>\n<meta name=\"author\" content=\"Maddalena Portesine\" \/>\n<meta name=\"twitter:card\" content=\"summary_large_image\" \/>\n<meta name=\"twitter:label1\" content=\"Written by\" \/>\n\t<meta name=\"twitter:data1\" content=\"Maddalena Portesine\" \/>\n\t<meta name=\"twitter:label2\" content=\"Estimated reading time\" \/>\n\t<meta name=\"twitter:data2\" content=\"6 minutes\" \/>\n<script type=\"application\/ld+json\" class=\"yoast-schema-graph\">{\"@context\":\"https:\\\/\\\/schema.org\",\"@graph\":[{\"@type\":\"Article\",\"@id\":\"https:\\\/\\\/www.flyingangelsfoundation.org\\\/en\\\/news\\\/salvali2021\\\/#article\",\"isPartOf\":{\"@id\":\"https:\\\/\\\/www.flyingangelsfoundation.org\\\/en\\\/news\\\/salvali2021\\\/\"},\"author\":{\"name\":\"Maddalena Portesine\",\"@id\":\"https:\\\/\\\/www.flyingangelsfoundation.org\\\/#\\\/schema\\\/person\\\/fb0fb3e52806d12935fe689bce3cb2fa\"},\"headline\":\"Riparte la campagna nazionale #SalvAli a favore del Fondo Voli Sospesi\",\"datePublished\":\"2021-11-03T13:10:53+00:00\",\"dateModified\":\"2021-11-05T09:43:05+00:00\",\"mainEntityOfPage\":{\"@id\":\"https:\\\/\\\/www.flyingangelsfoundation.org\\\/en\\\/news\\\/salvali2021\\\/\"},\"wordCount\":1837,\"commentCount\":0,\"publisher\":{\"@id\":\"https:\\\/\\\/www.flyingangelsfoundation.org\\\/#organization\"},\"image\":{\"@id\":\"https:\\\/\\\/www.flyingangelsfoundation.org\\\/en\\\/news\\\/salvali2021\\\/#primaryimage\"},\"thumbnailUrl\":\"https:\\\/\\\/www.flyingangelsfoundation.org\\\/wp-content\\\/uploads\\\/2021\\\/09\\\/Natalie-slider-e1632473281354.png\",\"articleSection\":[\"News\"],\"inLanguage\":\"en-GB\",\"potentialAction\":[{\"@type\":\"CommentAction\",\"name\":\"Comment\",\"target\":[\"https:\\\/\\\/www.flyingangelsfoundation.org\\\/en\\\/news\\\/salvali2021\\\/#respond\"]}]},{\"@type\":\"WebPage\",\"@id\":\"https:\\\/\\\/www.flyingangelsfoundation.org\\\/en\\\/news\\\/salvali2021\\\/\",\"url\":\"https:\\\/\\\/www.flyingangelsfoundation.org\\\/en\\\/news\\\/salvali2021\\\/\",\"name\":\"Riparte la campagna nazionale #SalvAli a favore del Fondo Voli Sospesi - Flying Angels Foundation ETS\",\"isPartOf\":{\"@id\":\"https:\\\/\\\/www.flyingangelsfoundation.org\\\/#website\"},\"primaryImageOfPage\":{\"@id\":\"https:\\\/\\\/www.flyingangelsfoundation.org\\\/en\\\/news\\\/salvali2021\\\/#primaryimage\"},\"image\":{\"@id\":\"https:\\\/\\\/www.flyingangelsfoundation.org\\\/en\\\/news\\\/salvali2021\\\/#primaryimage\"},\"thumbnailUrl\":\"https:\\\/\\\/www.flyingangelsfoundation.org\\\/wp-content\\\/uploads\\\/2021\\\/09\\\/Natalie-slider-e1632473281354.png\",\"datePublished\":\"2021-11-03T13:10:53+00:00\",\"dateModified\":\"2021-11-05T09:43:05+00:00\",\"breadcrumb\":{\"@id\":\"https:\\\/\\\/www.flyingangelsfoundation.org\\\/en\\\/news\\\/salvali2021\\\/#breadcrumb\"},\"inLanguage\":\"en-GB\",\"potentialAction\":[{\"@type\":\"ReadAction\",\"target\":[\"https:\\\/\\\/www.flyingangelsfoundation.org\\\/en\\\/news\\\/salvali2021\\\/\"]}]},{\"@type\":\"ImageObject\",\"inLanguage\":\"en-GB\",\"@id\":\"https:\\\/\\\/www.flyingangelsfoundation.org\\\/en\\\/news\\\/salvali2021\\\/#primaryimage\",\"url\":\"https:\\\/\\\/www.flyingangelsfoundation.org\\\/wp-content\\\/uploads\\\/2021\\\/09\\\/Natalie-slider-e1632473281354.png\",\"contentUrl\":\"https:\\\/\\\/www.flyingangelsfoundation.org\\\/wp-content\\\/uploads\\\/2021\\\/09\\\/Natalie-slider-e1632473281354.png\",\"width\":1910,\"height\":1248},{\"@type\":\"BreadcrumbList\",\"@id\":\"https:\\\/\\\/www.flyingangelsfoundation.org\\\/en\\\/news\\\/salvali2021\\\/#breadcrumb\",\"itemListElement\":[{\"@type\":\"ListItem\",\"position\":1,\"name\":\"Home\",\"item\":\"https:\\\/\\\/www.flyingangelsfoundation.org\\\/\"},{\"@type\":\"ListItem\",\"position\":2,\"name\":\"Riparte la campagna nazionale #SalvAli a favore del Fondo Voli Sospesi\"}]},{\"@type\":\"WebSite\",\"@id\":\"https:\\\/\\\/www.flyingangelsfoundation.org\\\/#website\",\"url\":\"https:\\\/\\\/www.flyingangelsfoundation.org\\\/\",\"name\":\"Flying Angels Foundation ETS\",\"description\":\"abbiamo bisogno di te per farli volare\",\"publisher\":{\"@id\":\"https:\\\/\\\/www.flyingangelsfoundation.org\\\/#organization\"},\"potentialAction\":[{\"@type\":\"SearchAction\",\"target\":{\"@type\":\"EntryPoint\",\"urlTemplate\":\"https:\\\/\\\/www.flyingangelsfoundation.org\\\/?s={search_term_string}\"},\"query-input\":{\"@type\":\"PropertyValueSpecification\",\"valueRequired\":true,\"valueName\":\"search_term_string\"}}],\"inLanguage\":\"en-GB\"},{\"@type\":\"Organization\",\"@id\":\"https:\\\/\\\/www.flyingangelsfoundation.org\\\/#organization\",\"name\":\"Flying Angels Foundation\",\"url\":\"https:\\\/\\\/www.flyingangelsfoundation.org\\\/\",\"logo\":{\"@type\":\"ImageObject\",\"inLanguage\":\"en-GB\",\"@id\":\"https:\\\/\\\/www.flyingangelsfoundation.org\\\/#\\\/schema\\\/logo\\\/image\\\/\",\"url\":\"https:\\\/\\\/www.flyingangelsfoundation.org\\\/wp-content\\\/uploads\\\/2019\\\/11\\\/logo-flyingangels-1.png\",\"contentUrl\":\"https:\\\/\\\/www.flyingangelsfoundation.org\\\/wp-content\\\/uploads\\\/2019\\\/11\\\/logo-flyingangels-1.png\",\"width\":394,\"height\":87,\"caption\":\"Flying Angels Foundation\"},\"image\":{\"@id\":\"https:\\\/\\\/www.flyingangelsfoundation.org\\\/#\\\/schema\\\/logo\\\/image\\\/\"}},{\"@type\":\"Person\",\"@id\":\"https:\\\/\\\/www.flyingangelsfoundation.org\\\/#\\\/schema\\\/person\\\/fb0fb3e52806d12935fe689bce3cb2fa\",\"name\":\"Maddalena Portesine\",\"image\":{\"@type\":\"ImageObject\",\"inLanguage\":\"en-GB\",\"@id\":\"https:\\\/\\\/secure.gravatar.com\\\/avatar\\\/dafbd6bcb079b03489711acb75d8a3753f3c4e5c0cd4429cfb12e7db0890dcdb?s=96&d=mm&r=g\",\"url\":\"https:\\\/\\\/secure.gravatar.com\\\/avatar\\\/dafbd6bcb079b03489711acb75d8a3753f3c4e5c0cd4429cfb12e7db0890dcdb?s=96&d=mm&r=g\",\"contentUrl\":\"https:\\\/\\\/secure.gravatar.com\\\/avatar\\\/dafbd6bcb079b03489711acb75d8a3753f3c4e5c0cd4429cfb12e7db0890dcdb?s=96&d=mm&r=g\",\"caption\":\"Maddalena Portesine\"}}]}<\/script>\n<!-- \/ Yoast SEO plugin. -->","yoast_head_json":{"title":"Riparte la campagna nazionale #SalvAli a favore del Fondo Voli Sospesi - Flying Angels Foundation ETS","robots":{"index":"index","follow":"follow","max-snippet":"max-snippet:-1","max-image-preview":"max-image-preview:large","max-video-preview":"max-video-preview:-1"},"canonical":"https:\/\/www.flyingangelsfoundation.org\/en\/news\/salvali2021\/","og_locale":"en_GB","og_type":"article","og_title":"Riparte la campagna nazionale #SalvAli a favore del Fondo Voli Sospesi - Flying Angels Foundation ETS","og_description":"Dal 7 al 20 Novembre si rinnova l\u2019appuntamento con la campagna annuale di sensibilizzazione e raccolta fondi promossa da Flying Angels Foundation, SalvALI.","og_url":"https:\/\/www.flyingangelsfoundation.org\/en\/news\/salvali2021\/","og_site_name":"Flying Angels Foundation ETS","article_published_time":"2021-11-03T13:10:53+00:00","article_modified_time":"2021-11-05T09:43:05+00:00","og_image":[{"width":1910,"height":1248,"url":"https:\/\/www.flyingangelsfoundation.org\/wp-content\/uploads\/2021\/09\/Natalie-slider-e1632473281354.png","type":"image\/png"}],"author":"Maddalena Portesine","twitter_card":"summary_large_image","twitter_misc":{"Written by":"Maddalena Portesine","Estimated reading time":"6 minutes"},"schema":{"@context":"https:\/\/schema.org","@graph":[{"@type":"Article","@id":"https:\/\/www.flyingangelsfoundation.org\/en\/news\/salvali2021\/#article","isPartOf":{"@id":"https:\/\/www.flyingangelsfoundation.org\/en\/news\/salvali2021\/"},"author":{"name":"Maddalena Portesine","@id":"https:\/\/www.flyingangelsfoundation.org\/#\/schema\/person\/fb0fb3e52806d12935fe689bce3cb2fa"},"headline":"Riparte la campagna nazionale #SalvAli a favore del Fondo Voli Sospesi","datePublished":"2021-11-03T13:10:53+00:00","dateModified":"2021-11-05T09:43:05+00:00","mainEntityOfPage":{"@id":"https:\/\/www.flyingangelsfoundation.org\/en\/news\/salvali2021\/"},"wordCount":1837,"commentCount":0,"publisher":{"@id":"https:\/\/www.flyingangelsfoundation.org\/#organization"},"image":{"@id":"https:\/\/www.flyingangelsfoundation.org\/en\/news\/salvali2021\/#primaryimage"},"thumbnailUrl":"https:\/\/www.flyingangelsfoundation.org\/wp-content\/uploads\/2021\/09\/Natalie-slider-e1632473281354.png","articleSection":["News"],"inLanguage":"en-GB","potentialAction":[{"@type":"CommentAction","name":"Comment","target":["https:\/\/www.flyingangelsfoundation.org\/en\/news\/salvali2021\/#respond"]}]},{"@type":"WebPage","@id":"https:\/\/www.flyingangelsfoundation.org\/en\/news\/salvali2021\/","url":"https:\/\/www.flyingangelsfoundation.org\/en\/news\/salvali2021\/","name":"Riparte la campagna nazionale #SalvAli a favore del Fondo Voli Sospesi - Flying Angels Foundation ETS","isPartOf":{"@id":"https:\/\/www.flyingangelsfoundation.org\/#website"},"primaryImageOfPage":{"@id":"https:\/\/www.flyingangelsfoundation.org\/en\/news\/salvali2021\/#primaryimage"},"image":{"@id":"https:\/\/www.flyingangelsfoundation.org\/en\/news\/salvali2021\/#primaryimage"},"thumbnailUrl":"https:\/\/www.flyingangelsfoundation.org\/wp-content\/uploads\/2021\/09\/Natalie-slider-e1632473281354.png","datePublished":"2021-11-03T13:10:53+00:00","dateModified":"2021-11-05T09:43:05+00:00","breadcrumb":{"@id":"https:\/\/www.flyingangelsfoundation.org\/en\/news\/salvali2021\/#breadcrumb"},"inLanguage":"en-GB","potentialAction":[{"@type":"ReadAction","target":["https:\/\/www.flyingangelsfoundation.org\/en\/news\/salvali2021\/"]}]},{"@type":"ImageObject","inLanguage":"en-GB","@id":"https:\/\/www.flyingangelsfoundation.org\/en\/news\/salvali2021\/#primaryimage","url":"https:\/\/www.flyingangelsfoundation.org\/wp-content\/uploads\/2021\/09\/Natalie-slider-e1632473281354.png","contentUrl":"https:\/\/www.flyingangelsfoundation.org\/wp-content\/uploads\/2021\/09\/Natalie-slider-e1632473281354.png","width":1910,"height":1248},{"@type":"BreadcrumbList","@id":"https:\/\/www.flyingangelsfoundation.org\/en\/news\/salvali2021\/#breadcrumb","itemListElement":[{"@type":"ListItem","position":1,"name":"Home","item":"https:\/\/www.flyingangelsfoundation.org\/"},{"@type":"ListItem","position":2,"name":"Riparte la campagna nazionale #SalvAli a favore del Fondo Voli Sospesi"}]},{"@type":"WebSite","@id":"https:\/\/www.flyingangelsfoundation.org\/#website","url":"https:\/\/www.flyingangelsfoundation.org\/","name":"Flying Angels Foundation ETS","description":"abbiamo bisogno di te per farli volare","publisher":{"@id":"https:\/\/www.flyingangelsfoundation.org\/#organization"},"potentialAction":[{"@type":"SearchAction","target":{"@type":"EntryPoint","urlTemplate":"https:\/\/www.flyingangelsfoundation.org\/?s={search_term_string}"},"query-input":{"@type":"PropertyValueSpecification","valueRequired":true,"valueName":"search_term_string"}}],"inLanguage":"en-GB"},{"@type":"Organization","@id":"https:\/\/www.flyingangelsfoundation.org\/#organization","name":"Flying Angels Foundation","url":"https:\/\/www.flyingangelsfoundation.org\/","logo":{"@type":"ImageObject","inLanguage":"en-GB","@id":"https:\/\/www.flyingangelsfoundation.org\/#\/schema\/logo\/image\/","url":"https:\/\/www.flyingangelsfoundation.org\/wp-content\/uploads\/2019\/11\/logo-flyingangels-1.png","contentUrl":"https:\/\/www.flyingangelsfoundation.org\/wp-content\/uploads\/2019\/11\/logo-flyingangels-1.png","width":394,"height":87,"caption":"Flying Angels Foundation"},"image":{"@id":"https:\/\/www.flyingangelsfoundation.org\/#\/schema\/logo\/image\/"}},{"@type":"Person","@id":"https:\/\/www.flyingangelsfoundation.org\/#\/schema\/person\/fb0fb3e52806d12935fe689bce3cb2fa","name":"Maddalena Portesine","image":{"@type":"ImageObject","inLanguage":"en-GB","@id":"https:\/\/secure.gravatar.com\/avatar\/dafbd6bcb079b03489711acb75d8a3753f3c4e5c0cd4429cfb12e7db0890dcdb?s=96&d=mm&r=g","url":"https:\/\/secure.gravatar.com\/avatar\/dafbd6bcb079b03489711acb75d8a3753f3c4e5c0cd4429cfb12e7db0890dcdb?s=96&d=mm&r=g","contentUrl":"https:\/\/secure.gravatar.com\/avatar\/dafbd6bcb079b03489711acb75d8a3753f3c4e5c0cd4429cfb12e7db0890dcdb?s=96&d=mm&r=g","caption":"Maddalena Portesine"}}]}},"_links":{"self":[{"href":"https:\/\/www.flyingangelsfoundation.org\/en\/wp-json\/wp\/v2\/posts\/18016","targetHints":{"allow":["GET"]}}],"collection":[{"href":"https:\/\/www.flyingangelsfoundation.org\/en\/wp-json\/wp\/v2\/posts"}],"about":[{"href":"https:\/\/www.flyingangelsfoundation.org\/en\/wp-json\/wp\/v2\/types\/post"}],"author":[{"embeddable":true,"href":"https:\/\/www.flyingangelsfoundation.org\/en\/wp-json\/wp\/v2\/users\/4"}],"replies":[{"embeddable":true,"href":"https:\/\/www.flyingangelsfoundation.org\/en\/wp-json\/wp\/v2\/comments?post=18016"}],"version-history":[{"count":10,"href":"https:\/\/www.flyingangelsfoundation.org\/en\/wp-json\/wp\/v2\/posts\/18016\/revisions"}],"predecessor-version":[{"id":18148,"href":"https:\/\/www.flyingangelsfoundation.org\/en\/wp-json\/wp\/v2\/posts\/18016\/revisions\/18148"}],"wp:featuredmedia":[{"embeddable":true,"href":"https:\/\/www.flyingangelsfoundation.org\/en\/wp-json\/wp\/v2\/media\/17022"}],"wp:attachment":[{"href":"https:\/\/www.flyingangelsfoundation.org\/en\/wp-json\/wp\/v2\/media?parent=18016"}],"wp:term":[{"taxonomy":"category","embeddable":true,"href":"https:\/\/www.flyingangelsfoundation.org\/en\/wp-json\/wp\/v2\/categories?post=18016"},{"taxonomy":"post_tag","embeddable":true,"href":"https:\/\/www.flyingangelsfoundation.org\/en\/wp-json\/wp\/v2\/tags?post=18016"}],"curies":[{"name":"wp","href":"https:\/\/api.w.org\/{rel}","templated":true}]}}