{"id":598,"date":"2019-12-11T14:53:40","date_gmt":"2019-12-11T13:53:40","guid":{"rendered":"https:\/\/www.flyingangelsfoundation.org\/?p=598"},"modified":"2021-05-20T15:22:28","modified_gmt":"2021-05-20T13:22:28","slug":"daris","status":"publish","type":"post","link":"https:\/\/www.flyingangelsfoundation.org\/en\/stories\/daris\/","title":{"rendered":"Daris"},"content":{"rendered":"<p>[et_pb_section fb_built=&#8221;1&#8243; module_id=&#8221;single-storie&#8221; _builder_version=&#8221;4.3.2&#8243; background_enable_color=&#8221;off&#8221;][et_pb_row column_structure=&#8221;1_4,3_4&#8243; use_custom_gutter=&#8221;on&#8221; gutter_width=&#8221;1&#8243; _builder_version=&#8221;4.3.2&#8243;][et_pb_column type=&#8221;1_4&#8243; _builder_version=&#8221;4.0.8&#8243;][et_pb_blurb image=&#8221;https:\/\/www.flyingangelsfoundation.org\/wp-content\/uploads\/2020\/02\/partenza.svg&#8221; image_max_width=&#8221;40%&#8221; admin_label=&#8221;partenza&#8221; _builder_version=&#8221;4.4.0&#8243; module_alignment=&#8221;center&#8221; global_module=&#8221;2018&#8243; saved_tabs=&#8221;all&#8221;][\/et_pb_blurb][\/et_pb_column][et_pb_column type=&#8221;3_4&#8243; _builder_version=&#8221;4.0.8&#8243;][et_pb_text admin_label=&#8221;partenza&#8221; _builder_version=&#8221;4.4.0&#8243; global_module=&#8221;2013&#8243; saved_tabs=&#8221;all&#8221;]<\/p>\n<h2>The departure<\/h2>\n<p>[\/et_pb_text][et_pb_text _builder_version=&#8221;4.4.0&#8243;]<\/p>\n<p>Daris \u00e8 un simpaticissimo bimbo albanese di 6 mesi, affetto da una cardiopatia congenita non particolarmente grave ma che stava pregiudicando la sua salute, esponendolo a continue infezioni all&#8217;apparato respiratorio e a difficolt\u00e0 di crescita. A gennaio, a causa di un ricovero in patria per una pesante bronchiolite, \u00e8 stato chiesto di anticipare la sua accoglienza a Verona e il 29 gennaio siamo riusciti a far arrivare Daris, accompagnato da mamma Nevila.<\/p>\n<p>[\/et_pb_text][\/et_pb_column][\/et_pb_row][et_pb_row column_structure=&#8221;1_4,3_4&#8243; use_custom_gutter=&#8221;on&#8221; gutter_width=&#8221;1&#8243; _builder_version=&#8221;4.0.8&#8243;][et_pb_column type=&#8221;1_4&#8243; _builder_version=&#8221;4.0.8&#8243;][et_pb_blurb image=&#8221;https:\/\/www.flyingangelsfoundation.org\/wp-content\/uploads\/2020\/03\/ritorno_blu.svg&#8221; image_max_width=&#8221;40%&#8221; admin_label=&#8221;intervento&#8221; _builder_version=&#8221;4.4.0&#8243; module_alignment=&#8221;center&#8221; global_module=&#8221;2017&#8243; saved_tabs=&#8221;all&#8221;][\/et_pb_blurb][\/et_pb_column][et_pb_column type=&#8221;3_4&#8243; _builder_version=&#8221;4.0.8&#8243;][et_pb_text admin_label=&#8221;intervento&#8221; _builder_version=&#8221;4.4.0&#8243; global_module=&#8221;2014&#8243; saved_tabs=&#8221;all&#8221;]<\/p>\n<h3>L&#8217;intervento<\/h3>\n<p>[\/et_pb_text][et_pb_text _builder_version=&#8221;4.4.0&#8243;]Il giorno successivo \u00e8 stato visitato e, trovato in buone condizioni di salute, \u00e8 stato organizzato il suo contestuale ricovero e l&#8217;intervento cardiochirurgico correttivo. Il 31 gennaio Daris \u00e8 stato cos\u00ec operato e il suo cuoricino sistemato con successo. Continuando il suo percorso clinico bruciando le tappe, dopo una notte pi\u00f9 che tranquilla il piccolo \u00e8 stato direttamente trasferito nel reparto di Pediatria.Qualche temporanea linea di febbre non ha rallentato la ripresa del piccolo, che l&#8217;11 febbraio \u00e8 stato dimesso ed \u00e8 potuto rientrare nella Casetta del Castello dei Sorrisi. I giorni successivi sono stati utili per completare il recupero e veder Daris finalmente riprendere peso e manifestarci il suo ritrovato benessere con splendidi sorrisoni.[\/et_pb_text][\/et_pb_column][\/et_pb_row][et_pb_row column_structure=&#8221;1_4,3_4&#8243; use_custom_gutter=&#8221;on&#8221; gutter_width=&#8221;1&#8243; _builder_version=&#8221;4.0.8&#8243;][et_pb_column type=&#8221;1_4&#8243; _builder_version=&#8221;4.0.8&#8243;][et_pb_blurb image=&#8221;https:\/\/www.flyingangelsfoundation.org\/wp-content\/uploads\/2020\/02\/ritorno.svg&#8221; image_max_width=&#8221;40%&#8221; _builder_version=&#8221;4.4.0&#8243; module_alignment=&#8221;center&#8221; global_module=&#8221;2016&#8243; saved_tabs=&#8221;all&#8221;][\/et_pb_blurb][\/et_pb_column][et_pb_column type=&#8221;3_4&#8243; _builder_version=&#8221;4.0.8&#8243;][et_pb_text admin_label=&#8221;ritorno&#8221; _builder_version=&#8221;4.4.0&#8243; global_module=&#8221;2015&#8243; saved_tabs=&#8221;all&#8221;]<\/p>\n<h3>Back home<\/h3>\n<p>[\/et_pb_text][et_pb_text _builder_version=&#8221;4.4.0&#8243;]Sostenuti con successo gli ultimi controlli pediatrici e cardiologici, Daris \u00e8 tornato a casa il 22 febbraio, dopo soli 24 giorni trascorsi a Verona.[\/et_pb_text][\/et_pb_column][\/et_pb_row][\/et_pb_section][et_pb_section fb_built=&#8221;1&#8243; disabled_on=&#8221;off|off|off&#8221; _builder_version=&#8221;4.0.8&#8243; background_enable_color=&#8221;off&#8221;][et_pb_row disabled_on=&#8221;on|on|on&#8221; _builder_version=&#8221;4.0.8&#8243; disabled=&#8221;on&#8221;][et_pb_column type=&#8221;4_4&#8243; _builder_version=&#8221;4.0.8&#8243;][et_pb_image src=&#8221;https:\/\/www.flyingangelsfoundation.org\/wp-content\/uploads\/2019\/12\/IMG-20180516-WA0010.jpg&#8221; align=&#8221;center&#8221; _builder_version=&#8221;4.0.9&#8243;][\/et_pb_image][\/et_pb_column][\/et_pb_row][\/et_pb_section][et_pb_section fb_built=&#8221;1&#8243; inner_shadow=&#8221;on&#8221; disabled_on=&#8221;off|off|off&#8221; _builder_version=&#8221;4.4.0&#8243; background_color=&#8221;#eff9ff&#8221;][et_pb_row _builder_version=&#8221;4.0.8&#8243;][et_pb_column type=&#8221;4_4&#8243; _builder_version=&#8221;4.0.8&#8243;][et_pb_gallery gallery_ids=&#8221;604,603,602&#8243; db_image_max_width=&#8221;100&#8243; db_image_row_spacing=&#8221;1px&#8221; db_image_object_fit=&#8221;cover&#8221; dbdb_version=&#8221;3.4.9&#8243; show_title_and_caption=&#8221;off&#8221; show_pagination=&#8221;off&#8221; hover_icon=&#8221;%%204%%&#8221; disabled_on=&#8221;on|on|on&#8221; admin_label=&#8221;Galleria&#8221; _builder_version=&#8221;4.4.0&#8243; disabled=&#8221;on&#8221; global_module=&#8221;429&#8243; saved_tabs=&#8221;all&#8221;][\/et_pb_gallery][\/et_pb_column][\/et_pb_row][\/et_pb_section]<\/p>","protected":false},"excerpt":{"rendered":"<p>Daris \u00e8 un bimbo albanese di 6 mesi, affetto da una cardiopatia congenita. A gennaio, a causa di un ricovero in patria per una pesante bronchiolite, \u00e8 stato chiesto di anticipare la sua accoglienza a Verona e il 29 gennaio Flying Angels riesce far arrivare il piccolo.<\/p>","protected":false},"author":2,"featured_media":605,"comment_status":"open","ping_status":"open","sticky":false,"template":"","format":"standard","meta":{"_et_pb_use_builder":"on","_et_pb_old_content":"","_et_gb_content_width":"","footnotes":""},"categories":[17],"tags":[],"class_list":["post-598","post","type-post","status-publish","format-standard","has-post-thumbnail","hentry","category-storie"],"yoast_head":"<!-- This site is optimized with the Yoast SEO plugin v27.5 - https:\/\/yoast.com\/product\/yoast-seo-wordpress\/ -->\n<title>Daris - Flying Angels Foundation ETS<\/title>\n<meta name=\"robots\" content=\"index, follow, max-snippet:-1, max-image-preview:large, max-video-preview:-1\" \/>\n<link rel=\"canonical\" href=\"https:\/\/www.flyingangelsfoundation.org\/en\/stories\/daris\/\" \/>\n<meta property=\"og:locale\" content=\"en_GB\" \/>\n<meta property=\"og:type\" content=\"article\" \/>\n<meta property=\"og:title\" content=\"Daris - Flying Angels Foundation ETS\" \/>\n<meta property=\"og:description\" content=\"Daris \u00e8 un bimbo albanese di 6 mesi, affetto da una cardiopatia congenita. A gennaio, a causa di un ricovero in patria per una pesante bronchiolite, \u00e8 stato chiesto di anticipare la sua accoglienza a Verona e il 29 gennaio Flying Angels riesce far arrivare il piccolo.\" \/>\n<meta property=\"og:url\" content=\"https:\/\/www.flyingangelsfoundation.org\/en\/stories\/daris\/\" \/>\n<meta property=\"og:site_name\" content=\"Flying Angels Foundation ETS\" \/>\n<meta property=\"article:published_time\" content=\"2019-12-11T13:53:40+00:00\" \/>\n<meta property=\"article:modified_time\" content=\"2021-05-20T13:22:28+00:00\" \/>\n<meta property=\"og:image\" content=\"https:\/\/www.flyingangelsfoundation.org\/wp-content\/uploads\/2019\/12\/New-Project-26.jpg\" \/>\n\t<meta property=\"og:image:width\" content=\"600\" \/>\n\t<meta property=\"og:image:height\" content=\"330\" \/>\n\t<meta property=\"og:image:type\" content=\"image\/jpeg\" \/>\n<meta name=\"author\" content=\"Altea Serafin\" \/>\n<meta name=\"twitter:card\" content=\"summary_large_image\" \/>\n<meta name=\"twitter:label1\" content=\"Written by\" \/>\n\t<meta name=\"twitter:data1\" content=\"Altea Serafin\" \/>\n\t<meta name=\"twitter:label2\" content=\"Estimated reading time\" \/>\n\t<meta name=\"twitter:data2\" content=\"3 minutes\" \/>\n<script type=\"application\/ld+json\" class=\"yoast-schema-graph\">{\"@context\":\"https:\\\/\\\/schema.org\",\"@graph\":[{\"@type\":\"Article\",\"@id\":\"https:\\\/\\\/www.flyingangelsfoundation.org\\\/en\\\/stories\\\/daris\\\/#article\",\"isPartOf\":{\"@id\":\"https:\\\/\\\/www.flyingangelsfoundation.org\\\/en\\\/stories\\\/daris\\\/\"},\"author\":{\"name\":\"Altea Serafin\",\"@id\":\"https:\\\/\\\/www.flyingangelsfoundation.org\\\/#\\\/schema\\\/person\\\/da9f4941fb7e2a2d5830a71ace645b36\"},\"headline\":\"Daris\",\"datePublished\":\"2019-12-11T13:53:40+00:00\",\"dateModified\":\"2021-05-20T13:22:28+00:00\",\"mainEntityOfPage\":{\"@id\":\"https:\\\/\\\/www.flyingangelsfoundation.org\\\/en\\\/stories\\\/daris\\\/\"},\"wordCount\":641,\"commentCount\":0,\"publisher\":{\"@id\":\"https:\\\/\\\/www.flyingangelsfoundation.org\\\/#organization\"},\"image\":{\"@id\":\"https:\\\/\\\/www.flyingangelsfoundation.org\\\/en\\\/stories\\\/daris\\\/#primaryimage\"},\"thumbnailUrl\":\"https:\\\/\\\/www.flyingangelsfoundation.org\\\/wp-content\\\/uploads\\\/2019\\\/12\\\/New-Project-26.jpg\",\"articleSection\":[\"Storie\"],\"inLanguage\":\"en-GB\",\"potentialAction\":[{\"@type\":\"CommentAction\",\"name\":\"Comment\",\"target\":[\"https:\\\/\\\/www.flyingangelsfoundation.org\\\/en\\\/stories\\\/daris\\\/#respond\"]}]},{\"@type\":\"WebPage\",\"@id\":\"https:\\\/\\\/www.flyingangelsfoundation.org\\\/en\\\/stories\\\/daris\\\/\",\"url\":\"https:\\\/\\\/www.flyingangelsfoundation.org\\\/en\\\/stories\\\/daris\\\/\",\"name\":\"Daris - Flying Angels Foundation ETS\",\"isPartOf\":{\"@id\":\"https:\\\/\\\/www.flyingangelsfoundation.org\\\/#website\"},\"primaryImageOfPage\":{\"@id\":\"https:\\\/\\\/www.flyingangelsfoundation.org\\\/en\\\/stories\\\/daris\\\/#primaryimage\"},\"image\":{\"@id\":\"https:\\\/\\\/www.flyingangelsfoundation.org\\\/en\\\/stories\\\/daris\\\/#primaryimage\"},\"thumbnailUrl\":\"https:\\\/\\\/www.flyingangelsfoundation.org\\\/wp-content\\\/uploads\\\/2019\\\/12\\\/New-Project-26.jpg\",\"datePublished\":\"2019-12-11T13:53:40+00:00\",\"dateModified\":\"2021-05-20T13:22:28+00:00\",\"breadcrumb\":{\"@id\":\"https:\\\/\\\/www.flyingangelsfoundation.org\\\/en\\\/stories\\\/daris\\\/#breadcrumb\"},\"inLanguage\":\"en-GB\",\"potentialAction\":[{\"@type\":\"ReadAction\",\"target\":[\"https:\\\/\\\/www.flyingangelsfoundation.org\\\/en\\\/stories\\\/daris\\\/\"]}]},{\"@type\":\"ImageObject\",\"inLanguage\":\"en-GB\",\"@id\":\"https:\\\/\\\/www.flyingangelsfoundation.org\\\/en\\\/stories\\\/daris\\\/#primaryimage\",\"url\":\"https:\\\/\\\/www.flyingangelsfoundation.org\\\/wp-content\\\/uploads\\\/2019\\\/12\\\/New-Project-26.jpg\",\"contentUrl\":\"https:\\\/\\\/www.flyingangelsfoundation.org\\\/wp-content\\\/uploads\\\/2019\\\/12\\\/New-Project-26.jpg\",\"width\":600,\"height\":330},{\"@type\":\"BreadcrumbList\",\"@id\":\"https:\\\/\\\/www.flyingangelsfoundation.org\\\/en\\\/stories\\\/daris\\\/#breadcrumb\",\"itemListElement\":[{\"@type\":\"ListItem\",\"position\":1,\"name\":\"Home\",\"item\":\"https:\\\/\\\/www.flyingangelsfoundation.org\\\/\"},{\"@type\":\"ListItem\",\"position\":2,\"name\":\"Daris\"}]},{\"@type\":\"WebSite\",\"@id\":\"https:\\\/\\\/www.flyingangelsfoundation.org\\\/#website\",\"url\":\"https:\\\/\\\/www.flyingangelsfoundation.org\\\/\",\"name\":\"Flying Angels Foundation ETS\",\"description\":\"abbiamo bisogno di te per farli volare\",\"publisher\":{\"@id\":\"https:\\\/\\\/www.flyingangelsfoundation.org\\\/#organization\"},\"potentialAction\":[{\"@type\":\"SearchAction\",\"target\":{\"@type\":\"EntryPoint\",\"urlTemplate\":\"https:\\\/\\\/www.flyingangelsfoundation.org\\\/?s={search_term_string}\"},\"query-input\":{\"@type\":\"PropertyValueSpecification\",\"valueRequired\":true,\"valueName\":\"search_term_string\"}}],\"inLanguage\":\"en-GB\"},{\"@type\":\"Organization\",\"@id\":\"https:\\\/\\\/www.flyingangelsfoundation.org\\\/#organization\",\"name\":\"Flying Angels Foundation\",\"url\":\"https:\\\/\\\/www.flyingangelsfoundation.org\\\/\",\"logo\":{\"@type\":\"ImageObject\",\"inLanguage\":\"en-GB\",\"@id\":\"https:\\\/\\\/www.flyingangelsfoundation.org\\\/#\\\/schema\\\/logo\\\/image\\\/\",\"url\":\"https:\\\/\\\/www.flyingangelsfoundation.org\\\/wp-content\\\/uploads\\\/2019\\\/11\\\/logo-flyingangels-1.png\",\"contentUrl\":\"https:\\\/\\\/www.flyingangelsfoundation.org\\\/wp-content\\\/uploads\\\/2019\\\/11\\\/logo-flyingangels-1.png\",\"width\":394,\"height\":87,\"caption\":\"Flying Angels Foundation\"},\"image\":{\"@id\":\"https:\\\/\\\/www.flyingangelsfoundation.org\\\/#\\\/schema\\\/logo\\\/image\\\/\"}},{\"@type\":\"Person\",\"@id\":\"https:\\\/\\\/www.flyingangelsfoundation.org\\\/#\\\/schema\\\/person\\\/da9f4941fb7e2a2d5830a71ace645b36\",\"name\":\"Altea Serafin\",\"image\":{\"@type\":\"ImageObject\",\"inLanguage\":\"en-GB\",\"@id\":\"https:\\\/\\\/secure.gravatar.com\\\/avatar\\\/bed1758391a33d1b1a5fa2827400ce9262876f019b85f9f88a4f3a7eae9f644a?s=96&d=mm&r=g\",\"url\":\"https:\\\/\\\/secure.gravatar.com\\\/avatar\\\/bed1758391a33d1b1a5fa2827400ce9262876f019b85f9f88a4f3a7eae9f644a?s=96&d=mm&r=g\",\"contentUrl\":\"https:\\\/\\\/secure.gravatar.com\\\/avatar\\\/bed1758391a33d1b1a5fa2827400ce9262876f019b85f9f88a4f3a7eae9f644a?s=96&d=mm&r=g\",\"caption\":\"Altea Serafin\"}}]}<\/script>\n<!-- \/ Yoast SEO plugin. -->","yoast_head_json":{"title":"Daris - Flying Angels Foundation ETS","robots":{"index":"index","follow":"follow","max-snippet":"max-snippet:-1","max-image-preview":"max-image-preview:large","max-video-preview":"max-video-preview:-1"},"canonical":"https:\/\/www.flyingangelsfoundation.org\/en\/stories\/daris\/","og_locale":"en_GB","og_type":"article","og_title":"Daris - Flying Angels Foundation ETS","og_description":"Daris \u00e8 un bimbo albanese di 6 mesi, affetto da una cardiopatia congenita. A gennaio, a causa di un ricovero in patria per una pesante bronchiolite, \u00e8 stato chiesto di anticipare la sua accoglienza a Verona e il 29 gennaio Flying Angels riesce far arrivare il piccolo.","og_url":"https:\/\/www.flyingangelsfoundation.org\/en\/stories\/daris\/","og_site_name":"Flying Angels Foundation ETS","article_published_time":"2019-12-11T13:53:40+00:00","article_modified_time":"2021-05-20T13:22:28+00:00","og_image":[{"width":600,"height":330,"url":"https:\/\/www.flyingangelsfoundation.org\/wp-content\/uploads\/2019\/12\/New-Project-26.jpg","type":"image\/jpeg"}],"author":"Altea Serafin","twitter_card":"summary_large_image","twitter_misc":{"Written by":"Altea Serafin","Estimated reading time":"3 minutes"},"schema":{"@context":"https:\/\/schema.org","@graph":[{"@type":"Article","@id":"https:\/\/www.flyingangelsfoundation.org\/en\/stories\/daris\/#article","isPartOf":{"@id":"https:\/\/www.flyingangelsfoundation.org\/en\/stories\/daris\/"},"author":{"name":"Altea Serafin","@id":"https:\/\/www.flyingangelsfoundation.org\/#\/schema\/person\/da9f4941fb7e2a2d5830a71ace645b36"},"headline":"Daris","datePublished":"2019-12-11T13:53:40+00:00","dateModified":"2021-05-20T13:22:28+00:00","mainEntityOfPage":{"@id":"https:\/\/www.flyingangelsfoundation.org\/en\/stories\/daris\/"},"wordCount":641,"commentCount":0,"publisher":{"@id":"https:\/\/www.flyingangelsfoundation.org\/#organization"},"image":{"@id":"https:\/\/www.flyingangelsfoundation.org\/en\/stories\/daris\/#primaryimage"},"thumbnailUrl":"https:\/\/www.flyingangelsfoundation.org\/wp-content\/uploads\/2019\/12\/New-Project-26.jpg","articleSection":["Storie"],"inLanguage":"en-GB","potentialAction":[{"@type":"CommentAction","name":"Comment","target":["https:\/\/www.flyingangelsfoundation.org\/en\/stories\/daris\/#respond"]}]},{"@type":"WebPage","@id":"https:\/\/www.flyingangelsfoundation.org\/en\/stories\/daris\/","url":"https:\/\/www.flyingangelsfoundation.org\/en\/stories\/daris\/","name":"Daris - Flying Angels Foundation ETS","isPartOf":{"@id":"https:\/\/www.flyingangelsfoundation.org\/#website"},"primaryImageOfPage":{"@id":"https:\/\/www.flyingangelsfoundation.org\/en\/stories\/daris\/#primaryimage"},"image":{"@id":"https:\/\/www.flyingangelsfoundation.org\/en\/stories\/daris\/#primaryimage"},"thumbnailUrl":"https:\/\/www.flyingangelsfoundation.org\/wp-content\/uploads\/2019\/12\/New-Project-26.jpg","datePublished":"2019-12-11T13:53:40+00:00","dateModified":"2021-05-20T13:22:28+00:00","breadcrumb":{"@id":"https:\/\/www.flyingangelsfoundation.org\/en\/stories\/daris\/#breadcrumb"},"inLanguage":"en-GB","potentialAction":[{"@type":"ReadAction","target":["https:\/\/www.flyingangelsfoundation.org\/en\/stories\/daris\/"]}]},{"@type":"ImageObject","inLanguage":"en-GB","@id":"https:\/\/www.flyingangelsfoundation.org\/en\/stories\/daris\/#primaryimage","url":"https:\/\/www.flyingangelsfoundation.org\/wp-content\/uploads\/2019\/12\/New-Project-26.jpg","contentUrl":"https:\/\/www.flyingangelsfoundation.org\/wp-content\/uploads\/2019\/12\/New-Project-26.jpg","width":600,"height":330},{"@type":"BreadcrumbList","@id":"https:\/\/www.flyingangelsfoundation.org\/en\/stories\/daris\/#breadcrumb","itemListElement":[{"@type":"ListItem","position":1,"name":"Home","item":"https:\/\/www.flyingangelsfoundation.org\/"},{"@type":"ListItem","position":2,"name":"Daris"}]},{"@type":"WebSite","@id":"https:\/\/www.flyingangelsfoundation.org\/#website","url":"https:\/\/www.flyingangelsfoundation.org\/","name":"Flying Angels Foundation ETS","description":"abbiamo bisogno di te per farli volare","publisher":{"@id":"https:\/\/www.flyingangelsfoundation.org\/#organization"},"potentialAction":[{"@type":"SearchAction","target":{"@type":"EntryPoint","urlTemplate":"https:\/\/www.flyingangelsfoundation.org\/?s={search_term_string}"},"query-input":{"@type":"PropertyValueSpecification","valueRequired":true,"valueName":"search_term_string"}}],"inLanguage":"en-GB"},{"@type":"Organization","@id":"https:\/\/www.flyingangelsfoundation.org\/#organization","name":"Flying Angels Foundation","url":"https:\/\/www.flyingangelsfoundation.org\/","logo":{"@type":"ImageObject","inLanguage":"en-GB","@id":"https:\/\/www.flyingangelsfoundation.org\/#\/schema\/logo\/image\/","url":"https:\/\/www.flyingangelsfoundation.org\/wp-content\/uploads\/2019\/11\/logo-flyingangels-1.png","contentUrl":"https:\/\/www.flyingangelsfoundation.org\/wp-content\/uploads\/2019\/11\/logo-flyingangels-1.png","width":394,"height":87,"caption":"Flying Angels Foundation"},"image":{"@id":"https:\/\/www.flyingangelsfoundation.org\/#\/schema\/logo\/image\/"}},{"@type":"Person","@id":"https:\/\/www.flyingangelsfoundation.org\/#\/schema\/person\/da9f4941fb7e2a2d5830a71ace645b36","name":"Altea Serafin","image":{"@type":"ImageObject","inLanguage":"en-GB","@id":"https:\/\/secure.gravatar.com\/avatar\/bed1758391a33d1b1a5fa2827400ce9262876f019b85f9f88a4f3a7eae9f644a?s=96&d=mm&r=g","url":"https:\/\/secure.gravatar.com\/avatar\/bed1758391a33d1b1a5fa2827400ce9262876f019b85f9f88a4f3a7eae9f644a?s=96&d=mm&r=g","contentUrl":"https:\/\/secure.gravatar.com\/avatar\/bed1758391a33d1b1a5fa2827400ce9262876f019b85f9f88a4f3a7eae9f644a?s=96&d=mm&r=g","caption":"Altea Serafin"}}]}},"_links":{"self":[{"href":"https:\/\/www.flyingangelsfoundation.org\/en\/wp-json\/wp\/v2\/posts\/598","targetHints":{"allow":["GET"]}}],"collection":[{"href":"https:\/\/www.flyingangelsfoundation.org\/en\/wp-json\/wp\/v2\/posts"}],"about":[{"href":"https:\/\/www.flyingangelsfoundation.org\/en\/wp-json\/wp\/v2\/types\/post"}],"author":[{"embeddable":true,"href":"https:\/\/www.flyingangelsfoundation.org\/en\/wp-json\/wp\/v2\/users\/2"}],"replies":[{"embeddable":true,"href":"https:\/\/www.flyingangelsfoundation.org\/en\/wp-json\/wp\/v2\/comments?post=598"}],"version-history":[{"count":10,"href":"https:\/\/www.flyingangelsfoundation.org\/en\/wp-json\/wp\/v2\/posts\/598\/revisions"}],"predecessor-version":[{"id":15586,"href":"https:\/\/www.flyingangelsfoundation.org\/en\/wp-json\/wp\/v2\/posts\/598\/revisions\/15586"}],"wp:featuredmedia":[{"embeddable":true,"href":"https:\/\/www.flyingangelsfoundation.org\/en\/wp-json\/wp\/v2\/media\/605"}],"wp:attachment":[{"href":"https:\/\/www.flyingangelsfoundation.org\/en\/wp-json\/wp\/v2\/media?parent=598"}],"wp:term":[{"taxonomy":"category","embeddable":true,"href":"https:\/\/www.flyingangelsfoundation.org\/en\/wp-json\/wp\/v2\/categories?post=598"},{"taxonomy":"post_tag","embeddable":true,"href":"https:\/\/www.flyingangelsfoundation.org\/en\/wp-json\/wp\/v2\/tags?post=598"}],"curies":[{"name":"wp","href":"https:\/\/api.w.org\/{rel}","templated":true}]}}