{"id":635,"date":"2019-12-11T16:39:00","date_gmt":"2019-12-11T15:39:00","guid":{"rendered":"https:\/\/www.flyingangelsfoundation.org\/?p=635"},"modified":"2022-10-24T14:55:24","modified_gmt":"2022-10-24T12:55:24","slug":"il-volo-di-daniel","status":"publish","type":"post","link":"https:\/\/www.flyingangelsfoundation.org\/en\/video-stories\/daniel-flight\/","title":{"rendered":"Daniel's flight"},"content":{"rendered":"<p>[et_pb_section fb_built=&#8221;1&#8243; _builder_version=&#8221;4.16&#8243; custom_padding=&#8221;0px||18px|||&#8221; global_colors_info=&#8221;{}&#8221;][et_pb_row _builder_version=&#8221;4.16&#8243; global_colors_info=&#8221;{}&#8221; max_width__hover_enabled=&#8221;on|desktop&#8221;][et_pb_column type=&#8221;4_4&#8243; _builder_version=&#8221;4.16&#8243; global_colors_info=&#8221;{}&#8221;][et_pb_text _builder_version=&#8221;4.17.4&#8243; global_colors_info=&#8221;{}&#8221;]<\/p>\n<h2 style=\"text-align: center;\">Questa \u00e8 la storia del piccolo Daniel, che grazie al vostro aiuto ce l\u2019ha fatta.<\/h2>\n<p style=\"text-align: left;\">Daniel \u00e8 nato il 14 settembre 2016 in Nigeria, in un villaggio poco distante da Port Harcourt, un centro abitato molto vasto che si trova a ridosso del delta del fiume Niger.<br \/>E&#8217; un mercoled\u00ec caldo il giorno della sua nascita e fin da subito \u00e8 chiaro per i genitori che il piccolo non \u00e8 sano.<br \/>Difficolt\u00e0 respiratorie, inappetenza \u2013 che ne ritardano fortemente la crescita \u2013 e stanchezza quotidiana.<\/p>\n<p>[\/et_pb_text][et_pb_text _builder_version=&#8221;4.17.4&#8243; global_colors_info=&#8221;{}&#8221;]<\/p>\n<h5 style=\"text-align: center;\"><span style=\"color: #ff0000;\">La prima difficolta per Daniel e la sua famiglia \u00e8 sla possibilit\u00e0 di diagnosticare tempestivamente la malattia.<\/span><\/h5>\n<p>[\/et_pb_text][et_pb_text _builder_version=&#8221;4.17.4&#8243; global_colors_info=&#8221;{}&#8221;]<\/p>\n<p>E\u2019 stato necessario <strong>aspettare 8 mesi e l\u2019arrivo di un\u2019equipe chirurgica italiana in missione per dare nome alla malattia del piccolo: cardiopatia congenita<\/strong>.<\/p>\n<p>Una diagnosi difficile da accettare per qualsiasi genitore, ancora pi\u00f9 se vicino a casa non ci sono ospedali dove eseguire visite, screening e neppure specialisti in grado di intervenire.<\/p>\n<p>La malattia di Daniel tuttavia non \u00e8 incurabile, per\u00f2 c\u2019\u00e8 bisogno di <span style=\"color: #ff0000;\"><strong>un viaggio lungo, da compiere nel minor tempo possibile<\/strong><\/span> e senza causare ulteriori stress al fisico gi\u00e0 debole del piccolo.<\/p>\n<p>[\/et_pb_text][\/et_pb_column][\/et_pb_row][\/et_pb_section][et_pb_section fb_built=&#8221;1&#8243; module_id=&#8221;video&#8221; _builder_version=&#8221;4.16&#8243; background_color=&#8221;rgba(0,173,239,0.49)&#8221; custom_padding=&#8221;0px||18px|||&#8221; global_colors_info=&#8221;{}&#8221;][et_pb_row column_structure=&#8221;1_2,1_2&#8243; _builder_version=&#8221;4.16&#8243; global_colors_info=&#8221;{}&#8221; max_width__hover_enabled=&#8221;on|desktop&#8221;][et_pb_column type=&#8221;1_2&#8243; _builder_version=&#8221;4.16&#8243; global_colors_info=&#8221;{}&#8221;][et_pb_video src=&#8221;https:\/\/youtu.be\/l-U5hPHuhNQ&#8221; image_src=&#8221;\/\/i.ytimg.com\/vi\/l-U5hPHuhNQ\/hqdefault.jpg&#8221; thumbnail_overlay_color=&#8221;rgba(0,0,0,0.6)&#8221; _builder_version=&#8221;4.16&#8243; width=&#8221;89%&#8221; module_alignment=&#8221;center&#8221; db_limit_youtube_related_videos_to_same_channel=&#8221;on&#8221; global_colors_info=&#8221;{}&#8221;][\/et_pb_video][\/et_pb_column][et_pb_column type=&#8221;1_2&#8243; _builder_version=&#8221;4.16&#8243; global_colors_info=&#8221;{}&#8221;][et_pb_text admin_label=&#8221;Testo&#8221; _builder_version=&#8221;4.17.4&#8243; global_colors_info=&#8221;{}&#8221;]<\/p>\n<h4><em>Daniel's flight<\/em><\/h4>\n<p>Si attiva una<strong> staffetta di aiuti e solidariet\u00e0 che porta Daniel e la sua mamma a salire, il 27 Febbraio 2018, sul loro primo &#8211; e probabilmente pi\u00f9 importante- viaggio aereo.<\/strong><br \/>Al loro arrivo a Genova c\u2019\u00e8 l\u2019ambulanza ad aspettarli per controllare i parametri vitali e raggiungere il pi\u00f9 in fretta possibile l\u2019ospedale pronto ad accoglierli ed intervenire il prima possibile:<strong> \u00e8 una lotta contro il tempo<\/strong>.<\/p>\n<p>[\/et_pb_text][\/et_pb_column][\/et_pb_row][\/et_pb_section][et_pb_section fb_built=&#8221;1&#8243; _builder_version=&#8221;4.16&#8243; custom_padding=&#8221;0px||18px|||&#8221; global_colors_info=&#8221;{}&#8221;][et_pb_row _builder_version=&#8221;4.16&#8243; global_colors_info=&#8221;{}&#8221;][et_pb_column type=&#8221;4_4&#8243; _builder_version=&#8221;4.16&#8243; global_colors_info=&#8221;{}&#8221;][et_pb_text admin_label=&#8221;Testo&#8221; _builder_version=&#8221;4.17.4&#8243; global_colors_info=&#8221;{}&#8221;]<\/p>\n<p><strong>Daniel viene operato il 7 marzo<\/strong>.<br \/>Dopo un intervento di 5 ore ed alcuni giorni in terapia intensiva, il piccolo inizia a recuperare, a mangiare e a crescere.<br \/><strong>Dopo appena un mese, Daniel \u00e8 pronto per risalire su un aereo, questa volta per tornare a casa, <span style=\"color: #ff0000;\">guarito<\/span><\/strong>.<\/p>\n<p>[\/et_pb_text][\/et_pb_column][\/et_pb_row][et_pb_row _builder_version=&#8221;4.16&#8243; global_colors_info=&#8221;{}&#8221;][et_pb_column type=&#8221;4_4&#8243; _builder_version=&#8221;4.16&#8243; global_colors_info=&#8221;{}&#8221;][et_pb_text admin_label=&#8221;Testo&#8221; _builder_version=&#8221;4.17.4&#8243; global_colors_info=&#8221;{}&#8221;]<\/p>\n<h4 style=\"text-align: center;\">Insieme \u00e8 davvero possibile cambiare il destino di un bambino gravemente malato, come Daniel. <strong><span style=\"color: #ff0000;\">donate now<\/span><\/strong>.<\/h4>\n<p>[\/et_pb_text][et_pb_button button_url=&#8221;https:\/\/www.flyingangelsfoundation.org\/voli-da-finanziare\/&#8221; button_text=&#8221;Aiuta ora un bambino in attesa di volare verso l&#8217;ospedale&#8221; button_alignment=&#8221;center&#8221; _builder_version=&#8221;4.16&#8243; _module_preset=&#8221;default&#8221; global_colors_info=&#8221;{}&#8221;][\/et_pb_button][\/et_pb_column][\/et_pb_row][\/et_pb_section]<\/p>","protected":false},"excerpt":{"rendered":"<p>This is the story of Daniel, who thanks to your help has made it.<br \/>\nDaniel \u00e8 nato il 14 settembre 2016 in Nigeria, affetto da una cardiopatia congenita. La sua sola possibilit\u00e0 \u00e8 in un delicato intervento, possibile solo in Europa, molto lontano da casa.<\/p>","protected":false},"author":2,"featured_media":637,"comment_status":"open","ping_status":"open","sticky":false,"template":"","format":"standard","meta":{"_et_pb_use_builder":"on","_et_pb_old_content":"","_et_gb_content_width":"","footnotes":""},"categories":[18],"tags":[],"class_list":["post-635","post","type-post","status-publish","format-standard","has-post-thumbnail","hentry","category-video-racconti"],"yoast_head":"<!-- This site is optimized with the Yoast SEO plugin v27.5 - https:\/\/yoast.com\/product\/yoast-seo-wordpress\/ -->\n<title>Il volo di Daniel - Flying Angels Foundation ETS<\/title>\n<meta name=\"robots\" content=\"index, follow, max-snippet:-1, max-image-preview:large, max-video-preview:-1\" \/>\n<link rel=\"canonical\" href=\"https:\/\/www.flyingangelsfoundation.org\/en\/video-stories\/daniel-flight\/\" \/>\n<meta property=\"og:locale\" content=\"en_GB\" \/>\n<meta property=\"og:type\" content=\"article\" \/>\n<meta property=\"og:title\" content=\"Il volo di Daniel - Flying Angels Foundation ETS\" \/>\n<meta property=\"og:description\" content=\"Questa \u00e8 la storia di Daniel, che grazie al vostro aiuto ce l\u2019ha fatta. Daniel \u00e8 nato il 14 settembre 2016 in Nigeria, affetto da una cardiopatia congenita. La sua sola possibilit\u00e0 \u00e8 in un delicato intervento, possibile solo in Europa, molto lontano da casa.\" \/>\n<meta property=\"og:url\" content=\"https:\/\/www.flyingangelsfoundation.org\/en\/video-stories\/daniel-flight\/\" \/>\n<meta property=\"og:site_name\" content=\"Flying Angels Foundation ETS\" \/>\n<meta property=\"article:published_time\" content=\"2019-12-11T15:39:00+00:00\" \/>\n<meta property=\"article:modified_time\" content=\"2022-10-24T12:55:24+00:00\" \/>\n<meta property=\"og:image\" content=\"https:\/\/www.flyingangelsfoundation.org\/wp-content\/uploads\/2019\/12\/Schermata-2019-12-11-alle-16.37.24-1.png\" \/>\n\t<meta property=\"og:image:width\" content=\"1918\" \/>\n\t<meta property=\"og:image:height\" content=\"818\" \/>\n\t<meta property=\"og:image:type\" content=\"image\/png\" \/>\n<meta name=\"author\" content=\"Altea Serafin\" \/>\n<meta name=\"twitter:card\" content=\"summary_large_image\" \/>\n<meta name=\"twitter:label1\" content=\"Written by\" \/>\n\t<meta name=\"twitter:data1\" content=\"Altea Serafin\" \/>\n\t<meta name=\"twitter:label2\" content=\"Estimated reading time\" \/>\n\t<meta name=\"twitter:data2\" content=\"3 minutes\" \/>\n<script type=\"application\/ld+json\" class=\"yoast-schema-graph\">{\"@context\":\"https:\\\/\\\/schema.org\",\"@graph\":[{\"@type\":\"Article\",\"@id\":\"https:\\\/\\\/www.flyingangelsfoundation.org\\\/video-racconti\\\/il-volo-di-daniel\\\/#article\",\"isPartOf\":{\"@id\":\"https:\\\/\\\/www.flyingangelsfoundation.org\\\/video-racconti\\\/il-volo-di-daniel\\\/\"},\"author\":{\"name\":\"Altea Serafin\",\"@id\":\"https:\\\/\\\/www.flyingangelsfoundation.org\\\/#\\\/schema\\\/person\\\/da9f4941fb7e2a2d5830a71ace645b36\"},\"headline\":\"Il volo di Daniel\",\"datePublished\":\"2019-12-11T15:39:00+00:00\",\"dateModified\":\"2022-10-24T12:55:24+00:00\",\"mainEntityOfPage\":{\"@id\":\"https:\\\/\\\/www.flyingangelsfoundation.org\\\/video-racconti\\\/il-volo-di-daniel\\\/\"},\"wordCount\":641,\"commentCount\":0,\"publisher\":{\"@id\":\"https:\\\/\\\/www.flyingangelsfoundation.org\\\/#organization\"},\"image\":{\"@id\":\"https:\\\/\\\/www.flyingangelsfoundation.org\\\/video-racconti\\\/il-volo-di-daniel\\\/#primaryimage\"},\"thumbnailUrl\":\"https:\\\/\\\/www.flyingangelsfoundation.org\\\/wp-content\\\/uploads\\\/2019\\\/12\\\/Schermata-2019-12-11-alle-16.37.24-1.png\",\"articleSection\":[\"Video racconti\"],\"inLanguage\":\"en-GB\",\"potentialAction\":[{\"@type\":\"CommentAction\",\"name\":\"Comment\",\"target\":[\"https:\\\/\\\/www.flyingangelsfoundation.org\\\/video-racconti\\\/il-volo-di-daniel\\\/#respond\"]}]},{\"@type\":\"WebPage\",\"@id\":\"https:\\\/\\\/www.flyingangelsfoundation.org\\\/video-racconti\\\/il-volo-di-daniel\\\/\",\"url\":\"https:\\\/\\\/www.flyingangelsfoundation.org\\\/video-racconti\\\/il-volo-di-daniel\\\/\",\"name\":\"Il volo di Daniel - Flying Angels Foundation ETS\",\"isPartOf\":{\"@id\":\"https:\\\/\\\/www.flyingangelsfoundation.org\\\/#website\"},\"primaryImageOfPage\":{\"@id\":\"https:\\\/\\\/www.flyingangelsfoundation.org\\\/video-racconti\\\/il-volo-di-daniel\\\/#primaryimage\"},\"image\":{\"@id\":\"https:\\\/\\\/www.flyingangelsfoundation.org\\\/video-racconti\\\/il-volo-di-daniel\\\/#primaryimage\"},\"thumbnailUrl\":\"https:\\\/\\\/www.flyingangelsfoundation.org\\\/wp-content\\\/uploads\\\/2019\\\/12\\\/Schermata-2019-12-11-alle-16.37.24-1.png\",\"datePublished\":\"2019-12-11T15:39:00+00:00\",\"dateModified\":\"2022-10-24T12:55:24+00:00\",\"breadcrumb\":{\"@id\":\"https:\\\/\\\/www.flyingangelsfoundation.org\\\/video-racconti\\\/il-volo-di-daniel\\\/#breadcrumb\"},\"inLanguage\":\"en-GB\",\"potentialAction\":[{\"@type\":\"ReadAction\",\"target\":[\"https:\\\/\\\/www.flyingangelsfoundation.org\\\/video-racconti\\\/il-volo-di-daniel\\\/\"]}]},{\"@type\":\"ImageObject\",\"inLanguage\":\"en-GB\",\"@id\":\"https:\\\/\\\/www.flyingangelsfoundation.org\\\/video-racconti\\\/il-volo-di-daniel\\\/#primaryimage\",\"url\":\"https:\\\/\\\/www.flyingangelsfoundation.org\\\/wp-content\\\/uploads\\\/2019\\\/12\\\/Schermata-2019-12-11-alle-16.37.24-1.png\",\"contentUrl\":\"https:\\\/\\\/www.flyingangelsfoundation.org\\\/wp-content\\\/uploads\\\/2019\\\/12\\\/Schermata-2019-12-11-alle-16.37.24-1.png\",\"width\":1918,\"height\":818},{\"@type\":\"BreadcrumbList\",\"@id\":\"https:\\\/\\\/www.flyingangelsfoundation.org\\\/video-racconti\\\/il-volo-di-daniel\\\/#breadcrumb\",\"itemListElement\":[{\"@type\":\"ListItem\",\"position\":1,\"name\":\"Home\",\"item\":\"https:\\\/\\\/www.flyingangelsfoundation.org\\\/\"},{\"@type\":\"ListItem\",\"position\":2,\"name\":\"Il volo di Daniel\"}]},{\"@type\":\"WebSite\",\"@id\":\"https:\\\/\\\/www.flyingangelsfoundation.org\\\/#website\",\"url\":\"https:\\\/\\\/www.flyingangelsfoundation.org\\\/\",\"name\":\"Flying Angels Foundation ETS\",\"description\":\"abbiamo bisogno di te per farli volare\",\"publisher\":{\"@id\":\"https:\\\/\\\/www.flyingangelsfoundation.org\\\/#organization\"},\"potentialAction\":[{\"@type\":\"SearchAction\",\"target\":{\"@type\":\"EntryPoint\",\"urlTemplate\":\"https:\\\/\\\/www.flyingangelsfoundation.org\\\/?s={search_term_string}\"},\"query-input\":{\"@type\":\"PropertyValueSpecification\",\"valueRequired\":true,\"valueName\":\"search_term_string\"}}],\"inLanguage\":\"en-GB\"},{\"@type\":\"Organization\",\"@id\":\"https:\\\/\\\/www.flyingangelsfoundation.org\\\/#organization\",\"name\":\"Flying Angels Foundation\",\"url\":\"https:\\\/\\\/www.flyingangelsfoundation.org\\\/\",\"logo\":{\"@type\":\"ImageObject\",\"inLanguage\":\"en-GB\",\"@id\":\"https:\\\/\\\/www.flyingangelsfoundation.org\\\/#\\\/schema\\\/logo\\\/image\\\/\",\"url\":\"https:\\\/\\\/www.flyingangelsfoundation.org\\\/wp-content\\\/uploads\\\/2019\\\/11\\\/logo-flyingangels-1.png\",\"contentUrl\":\"https:\\\/\\\/www.flyingangelsfoundation.org\\\/wp-content\\\/uploads\\\/2019\\\/11\\\/logo-flyingangels-1.png\",\"width\":394,\"height\":87,\"caption\":\"Flying Angels Foundation\"},\"image\":{\"@id\":\"https:\\\/\\\/www.flyingangelsfoundation.org\\\/#\\\/schema\\\/logo\\\/image\\\/\"}},{\"@type\":\"Person\",\"@id\":\"https:\\\/\\\/www.flyingangelsfoundation.org\\\/#\\\/schema\\\/person\\\/da9f4941fb7e2a2d5830a71ace645b36\",\"name\":\"Altea Serafin\",\"image\":{\"@type\":\"ImageObject\",\"inLanguage\":\"en-GB\",\"@id\":\"https:\\\/\\\/secure.gravatar.com\\\/avatar\\\/bed1758391a33d1b1a5fa2827400ce9262876f019b85f9f88a4f3a7eae9f644a?s=96&d=mm&r=g\",\"url\":\"https:\\\/\\\/secure.gravatar.com\\\/avatar\\\/bed1758391a33d1b1a5fa2827400ce9262876f019b85f9f88a4f3a7eae9f644a?s=96&d=mm&r=g\",\"contentUrl\":\"https:\\\/\\\/secure.gravatar.com\\\/avatar\\\/bed1758391a33d1b1a5fa2827400ce9262876f019b85f9f88a4f3a7eae9f644a?s=96&d=mm&r=g\",\"caption\":\"Altea Serafin\"}}]}<\/script>\n<!-- \/ Yoast SEO plugin. -->","yoast_head_json":{"title":"Il volo di Daniel - Flying Angels Foundation ETS","robots":{"index":"index","follow":"follow","max-snippet":"max-snippet:-1","max-image-preview":"max-image-preview:large","max-video-preview":"max-video-preview:-1"},"canonical":"https:\/\/www.flyingangelsfoundation.org\/en\/video-stories\/daniel-flight\/","og_locale":"en_GB","og_type":"article","og_title":"Il volo di Daniel - Flying Angels Foundation ETS","og_description":"Questa \u00e8 la storia di Daniel, che grazie al vostro aiuto ce l\u2019ha fatta. Daniel \u00e8 nato il 14 settembre 2016 in Nigeria, affetto da una cardiopatia congenita. La sua sola possibilit\u00e0 \u00e8 in un delicato intervento, possibile solo in Europa, molto lontano da casa.","og_url":"https:\/\/www.flyingangelsfoundation.org\/en\/video-stories\/daniel-flight\/","og_site_name":"Flying Angels Foundation ETS","article_published_time":"2019-12-11T15:39:00+00:00","article_modified_time":"2022-10-24T12:55:24+00:00","og_image":[{"width":1918,"height":818,"url":"https:\/\/www.flyingangelsfoundation.org\/wp-content\/uploads\/2019\/12\/Schermata-2019-12-11-alle-16.37.24-1.png","type":"image\/png"}],"author":"Altea Serafin","twitter_card":"summary_large_image","twitter_misc":{"Written by":"Altea Serafin","Estimated reading time":"3 minutes"},"schema":{"@context":"https:\/\/schema.org","@graph":[{"@type":"Article","@id":"https:\/\/www.flyingangelsfoundation.org\/video-racconti\/il-volo-di-daniel\/#article","isPartOf":{"@id":"https:\/\/www.flyingangelsfoundation.org\/video-racconti\/il-volo-di-daniel\/"},"author":{"name":"Altea Serafin","@id":"https:\/\/www.flyingangelsfoundation.org\/#\/schema\/person\/da9f4941fb7e2a2d5830a71ace645b36"},"headline":"Il volo di Daniel","datePublished":"2019-12-11T15:39:00+00:00","dateModified":"2022-10-24T12:55:24+00:00","mainEntityOfPage":{"@id":"https:\/\/www.flyingangelsfoundation.org\/video-racconti\/il-volo-di-daniel\/"},"wordCount":641,"commentCount":0,"publisher":{"@id":"https:\/\/www.flyingangelsfoundation.org\/#organization"},"image":{"@id":"https:\/\/www.flyingangelsfoundation.org\/video-racconti\/il-volo-di-daniel\/#primaryimage"},"thumbnailUrl":"https:\/\/www.flyingangelsfoundation.org\/wp-content\/uploads\/2019\/12\/Schermata-2019-12-11-alle-16.37.24-1.png","articleSection":["Video racconti"],"inLanguage":"en-GB","potentialAction":[{"@type":"CommentAction","name":"Comment","target":["https:\/\/www.flyingangelsfoundation.org\/video-racconti\/il-volo-di-daniel\/#respond"]}]},{"@type":"WebPage","@id":"https:\/\/www.flyingangelsfoundation.org\/video-racconti\/il-volo-di-daniel\/","url":"https:\/\/www.flyingangelsfoundation.org\/video-racconti\/il-volo-di-daniel\/","name":"Il volo di Daniel - Flying Angels Foundation ETS","isPartOf":{"@id":"https:\/\/www.flyingangelsfoundation.org\/#website"},"primaryImageOfPage":{"@id":"https:\/\/www.flyingangelsfoundation.org\/video-racconti\/il-volo-di-daniel\/#primaryimage"},"image":{"@id":"https:\/\/www.flyingangelsfoundation.org\/video-racconti\/il-volo-di-daniel\/#primaryimage"},"thumbnailUrl":"https:\/\/www.flyingangelsfoundation.org\/wp-content\/uploads\/2019\/12\/Schermata-2019-12-11-alle-16.37.24-1.png","datePublished":"2019-12-11T15:39:00+00:00","dateModified":"2022-10-24T12:55:24+00:00","breadcrumb":{"@id":"https:\/\/www.flyingangelsfoundation.org\/video-racconti\/il-volo-di-daniel\/#breadcrumb"},"inLanguage":"en-GB","potentialAction":[{"@type":"ReadAction","target":["https:\/\/www.flyingangelsfoundation.org\/video-racconti\/il-volo-di-daniel\/"]}]},{"@type":"ImageObject","inLanguage":"en-GB","@id":"https:\/\/www.flyingangelsfoundation.org\/video-racconti\/il-volo-di-daniel\/#primaryimage","url":"https:\/\/www.flyingangelsfoundation.org\/wp-content\/uploads\/2019\/12\/Schermata-2019-12-11-alle-16.37.24-1.png","contentUrl":"https:\/\/www.flyingangelsfoundation.org\/wp-content\/uploads\/2019\/12\/Schermata-2019-12-11-alle-16.37.24-1.png","width":1918,"height":818},{"@type":"BreadcrumbList","@id":"https:\/\/www.flyingangelsfoundation.org\/video-racconti\/il-volo-di-daniel\/#breadcrumb","itemListElement":[{"@type":"ListItem","position":1,"name":"Home","item":"https:\/\/www.flyingangelsfoundation.org\/"},{"@type":"ListItem","position":2,"name":"Il volo di Daniel"}]},{"@type":"WebSite","@id":"https:\/\/www.flyingangelsfoundation.org\/#website","url":"https:\/\/www.flyingangelsfoundation.org\/","name":"Flying Angels Foundation ETS","description":"abbiamo bisogno di te per farli volare","publisher":{"@id":"https:\/\/www.flyingangelsfoundation.org\/#organization"},"potentialAction":[{"@type":"SearchAction","target":{"@type":"EntryPoint","urlTemplate":"https:\/\/www.flyingangelsfoundation.org\/?s={search_term_string}"},"query-input":{"@type":"PropertyValueSpecification","valueRequired":true,"valueName":"search_term_string"}}],"inLanguage":"en-GB"},{"@type":"Organization","@id":"https:\/\/www.flyingangelsfoundation.org\/#organization","name":"Flying Angels Foundation","url":"https:\/\/www.flyingangelsfoundation.org\/","logo":{"@type":"ImageObject","inLanguage":"en-GB","@id":"https:\/\/www.flyingangelsfoundation.org\/#\/schema\/logo\/image\/","url":"https:\/\/www.flyingangelsfoundation.org\/wp-content\/uploads\/2019\/11\/logo-flyingangels-1.png","contentUrl":"https:\/\/www.flyingangelsfoundation.org\/wp-content\/uploads\/2019\/11\/logo-flyingangels-1.png","width":394,"height":87,"caption":"Flying Angels Foundation"},"image":{"@id":"https:\/\/www.flyingangelsfoundation.org\/#\/schema\/logo\/image\/"}},{"@type":"Person","@id":"https:\/\/www.flyingangelsfoundation.org\/#\/schema\/person\/da9f4941fb7e2a2d5830a71ace645b36","name":"Altea Serafin","image":{"@type":"ImageObject","inLanguage":"en-GB","@id":"https:\/\/secure.gravatar.com\/avatar\/bed1758391a33d1b1a5fa2827400ce9262876f019b85f9f88a4f3a7eae9f644a?s=96&d=mm&r=g","url":"https:\/\/secure.gravatar.com\/avatar\/bed1758391a33d1b1a5fa2827400ce9262876f019b85f9f88a4f3a7eae9f644a?s=96&d=mm&r=g","contentUrl":"https:\/\/secure.gravatar.com\/avatar\/bed1758391a33d1b1a5fa2827400ce9262876f019b85f9f88a4f3a7eae9f644a?s=96&d=mm&r=g","caption":"Altea Serafin"}}]}},"_links":{"self":[{"href":"https:\/\/www.flyingangelsfoundation.org\/en\/wp-json\/wp\/v2\/posts\/635","targetHints":{"allow":["GET"]}}],"collection":[{"href":"https:\/\/www.flyingangelsfoundation.org\/en\/wp-json\/wp\/v2\/posts"}],"about":[{"href":"https:\/\/www.flyingangelsfoundation.org\/en\/wp-json\/wp\/v2\/types\/post"}],"author":[{"embeddable":true,"href":"https:\/\/www.flyingangelsfoundation.org\/en\/wp-json\/wp\/v2\/users\/2"}],"replies":[{"embeddable":true,"href":"https:\/\/www.flyingangelsfoundation.org\/en\/wp-json\/wp\/v2\/comments?post=635"}],"version-history":[{"count":10,"href":"https:\/\/www.flyingangelsfoundation.org\/en\/wp-json\/wp\/v2\/posts\/635\/revisions"}],"predecessor-version":[{"id":74183,"href":"https:\/\/www.flyingangelsfoundation.org\/en\/wp-json\/wp\/v2\/posts\/635\/revisions\/74183"}],"wp:featuredmedia":[{"embeddable":true,"href":"https:\/\/www.flyingangelsfoundation.org\/en\/wp-json\/wp\/v2\/media\/637"}],"wp:attachment":[{"href":"https:\/\/www.flyingangelsfoundation.org\/en\/wp-json\/wp\/v2\/media?parent=635"}],"wp:term":[{"taxonomy":"category","embeddable":true,"href":"https:\/\/www.flyingangelsfoundation.org\/en\/wp-json\/wp\/v2\/categories?post=635"},{"taxonomy":"post_tag","embeddable":true,"href":"https:\/\/www.flyingangelsfoundation.org\/en\/wp-json\/wp\/v2\/tags?post=635"}],"curies":[{"name":"wp","href":"https:\/\/api.w.org\/{rel}","templated":true}]}}