{"id":79216,"date":"2024-03-13T12:05:39","date_gmt":"2024-03-13T11:05:39","guid":{"rendered":"https:\/\/www.flyingangelsfoundation.org\/?p=79216"},"modified":"2025-02-05T12:13:22","modified_gmt":"2025-02-05T11:13:22","slug":"il-pesto-e-buono-da-volare","status":"publish","type":"post","link":"https:\/\/www.flyingangelsfoundation.org\/en\/news\/il-pesto-e-buono-da-volare\/","title":{"rendered":"Il Pesto \u00e8 buono&#8230; da volare!"},"content":{"rendered":"<p>[et_pb_section fb_built=&#8221;1&#8243; _builder_version=&#8221;4.20.2&#8243; _module_preset=&#8221;default&#8221; global_colors_info=&#8221;{}&#8221;][et_pb_row column_structure=&#8221;3_5,2_5&#8243; _builder_version=&#8221;4.20.2&#8243; _module_preset=&#8221;default&#8221; custom_padding=&#8221;25px|||||&#8221; global_colors_info=&#8221;{}&#8221;][et_pb_column type=&#8221;3_5&#8243; _builder_version=&#8221;4.20.2&#8243; _module_preset=&#8221;default&#8221; global_colors_info=&#8221;{}&#8221;][et_pb_text _builder_version=&#8221;4.20.2&#8243; _module_preset=&#8221;default&#8221; hover_enabled=&#8221;0&#8243; global_colors_info=&#8221;{}&#8221; sticky_enabled=&#8221;0&#8243;]<\/p>\n<h3>Un progetto unico al mondo<\/h3>\n<p>Ormai sette anni fa, insieme ad Aeroporto di Genova, Enac e Ascom abbiamo fatto <strong>un regalo ai turisti di tutto il mondo<\/strong>.<\/p>\n<p>Con l\u2019iniziativa \u201cIl pesto \u00e8 buono\u201d abbiamo dato l\u2019opportunit\u00e0 a tutti i visitatori in partenza dall\u2019Aeroporto di Genova di portarsi via un pezzettino di Liguria e di Italia. Al terminal partenze, infatti, \u00e8 disponibile un bollino da apporre sul proprio vasetto (o sui propri vasetti) di pesto genovese casalingo o acquistato anche sopra i 100 ml (fino a 500ml) per portarlo con s\u00e9 in cabina.<span class=\"Apple-converted-space\">\u00a0<\/span><\/p>\n<p><span class=\"Apple-converted-space\"><strong>Per apporre il bollino basta donare 50 centesimi che vengono raccolti dalla nostra Fondazione per far volare i bambini di tutto il mondo che hanno bisogno di cure mediche urgenti<\/strong> verso gli ospedali pronti ad accoglierli.<\/span><\/p>\n<p>[\/et_pb_text][\/et_pb_column][et_pb_column type=&#8221;2_5&#8243; _builder_version=&#8221;4.20.2&#8243; _module_preset=&#8221;default&#8221; global_colors_info=&#8221;{}&#8221;][et_pb_image src=&#8221;https:\/\/www.flyingangelsfoundation.org\/wp-content\/uploads\/2024\/03\/BollinoPestoOK.png&#8221; alt=&#8221;Bollino Il pesto \u00e8 buono&#8221; title_text=&#8221;BollinoPestoOK&#8221; _builder_version=&#8221;4.20.2&#8243; _module_preset=&#8221;default&#8221; custom_margin=&#8221;0px|10px|0px|10px|false|false&#8221; border_style_all=&#8221;none&#8221; global_colors_info=&#8221;{}&#8221;][\/et_pb_image][\/et_pb_column][\/et_pb_row][\/et_pb_section][et_pb_section fb_built=&#8221;1&#8243; _builder_version=&#8221;4.20.2&#8243; _module_preset=&#8221;default&#8221; background_color=&#8221;#EFF9FF&#8221; global_colors_info=&#8221;{}&#8221;][et_pb_row column_structure=&#8221;1_3,2_3&#8243; _builder_version=&#8221;4.20.2&#8243; _module_preset=&#8221;default&#8221; global_colors_info=&#8221;{}&#8221;][et_pb_column type=&#8221;1_3&#8243; _builder_version=&#8221;4.20.2&#8243; _module_preset=&#8221;default&#8221; global_colors_info=&#8221;{}&#8221;][et_pb_number_counter title=&#8221;bollini acquistati&#8221; number=&#8221;61.480&#8243; percent_sign=&#8221;off&#8221; _builder_version=&#8221;4.20.2&#8243; _module_preset=&#8221;default&#8221; global_colors_info=&#8221;{}&#8221;][\/et_pb_number_counter][et_pb_divider divider_position=&#8221;center&#8221; _builder_version=&#8221;4.20.2&#8243; _module_preset=&#8221;default&#8221; global_colors_info=&#8221;{}&#8221;][\/et_pb_divider][et_pb_number_counter title=&#8221;euro donati&#8221; number=&#8221;30.740&#8243; percent_sign=&#8221;off&#8221; _builder_version=&#8221;4.20.2&#8243; _module_preset=&#8221;default&#8221; global_colors_info=&#8221;{}&#8221;][\/et_pb_number_counter][\/et_pb_column][et_pb_column type=&#8221;2_3&#8243; _builder_version=&#8221;4.20.2&#8243; _module_preset=&#8221;default&#8221; global_colors_info=&#8221;{}&#8221;][et_pb_text _builder_version=&#8221;4.20.2&#8243; _module_preset=&#8221;default&#8221; custom_padding=&#8221;||0px|||&#8221; global_colors_info=&#8221;{}&#8221;]<\/p>\n<h3>I numeri dell\u2019iniziativa \u201cIl pesto \u00e8 buono\u201d<\/h3>\n<p>L\u2019iniziativa, al suo lancio, ha ottenuto un ritorno mediatico importante, con <strong>pi\u00f9 di 100 articoli in Italia e all\u2019estero<\/strong> su stampa specializzata ma anche su quotidiani e reti televisive come il Guardian, l\u2019Independent, il New York Post, la BBC, il Sydney Morning Herald e molti altri portando Genova e le sue eccellenze nel mondo. <strong>Per una settimana il pesto di Genova \u00e8 stato proprio sulla bocca di tutti<\/strong> anche perch\u00e9, oltre alle indubbie propriet\u00e0 organolettiche, questa iniziativa detiene <strong>un primato importante<\/strong> a livello di regolamentazione aeroportuale. Con \u201cIl Pesto \u00e8 buono\u201d \u00e8 stata, infatti, applicata la prima deroga internazionale al trasporto liquidi.<\/p>\n<p><strong>Dal 2017 sono stati acquistati quasi 61.500 bollini<\/strong> che corrispondono a circa 730 barattoli di pesto al mese &#8220;salvati&#8221; con grande soddisfazione dei turisti (o dei residenti all\u2019estero) che possono riportare a casa questa delizia nostrana.<\/p>\n<p>L&#8217;iniziativa \u00e8 l&#8217;esempio perfetto di come anche una piccola donazione &#8211; se fatta da tanti &#8211; possa fare la differenza. Dal suo lancio, infatti, ha generato <strong>pi\u00f9 di 30.000 euro<\/strong> di donazioni per il nostro Fondo Emergenza Voli.<\/p>\n<p>[\/et_pb_text][\/et_pb_column][\/et_pb_row][et_pb_row _builder_version=&#8221;4.20.2&#8243; _module_preset=&#8221;default&#8221; global_colors_info=&#8221;{}&#8221;][et_pb_column type=&#8221;4_4&#8243; _builder_version=&#8221;4.20.2&#8243; _module_preset=&#8221;default&#8221; global_colors_info=&#8221;{}&#8221;][et_pb_divider color=&#8221;#ED1C24&#8243; divider_style=&#8221;dashed&#8221; divider_position=&#8221;center&#8221; divider_weight=&#8221;3px&#8221; _builder_version=&#8221;4.20.2&#8243; _module_preset=&#8221;default&#8221; transform_rotate=&#8221;0deg|0deg|91deg&#8221; width=&#8221;7%&#8221; module_alignment=&#8221;center&#8221; global_colors_info=&#8221;{}&#8221;][\/et_pb_divider][\/et_pb_column][\/et_pb_row][et_pb_row use_custom_gutter=&#8221;on&#8221; gutter_width=&#8221;1&#8243; make_equal=&#8221;on&#8221; _builder_version=&#8221;4.20.2&#8243; _module_preset=&#8221;default&#8221; background_color=&#8221;#FFFFFF&#8221; min_height=&#8221;30px&#8221; custom_margin=&#8221;24px||24px||true|false&#8221; custom_padding=&#8221;16px|16px|16px|16px|true|true&#8221; custom_css_main_element=&#8221;align-items: center;&#8221; box_shadow_style=&#8221;preset2&#8243; box_shadow_horizontal=&#8221;0px&#8221; box_shadow_vertical=&#8221;12px&#8221; box_shadow_color=&#8221;rgba(61,61,61,0.2)&#8221; global_colors_info=&#8221;{}&#8221;][et_pb_column type=&#8221;4_4&#8243; _builder_version=&#8221;4.20.2&#8243; _module_preset=&#8221;default&#8221; global_colors_info=&#8221;{}&#8221;][et_pb_text _builder_version=&#8221;4.20.2&#8243; _module_preset=&#8221;default&#8221; global_colors_info=&#8221;{}&#8221;]<\/p>\n<p style=\"text-align: center;\"><b>Tutti i dettagli dell\u2019iniziativa \u201cIl pesto \u00e8 buono\u201d<\/b><\/p>\n<p style=\"text-align: center;\">Potete trovare sul <a href=\"https:\/\/www.airport.genova.it\/pesto\/\">sito dell\u2019Aeroporto di Genova<\/a> tutte le specifiche per far volare il pesto da Genova in tutto il mondo.<\/p>\n<p>[\/et_pb_text][\/et_pb_column][\/et_pb_row][et_pb_row _builder_version=&#8221;4.20.2&#8243; _module_preset=&#8221;default&#8221; global_colors_info=&#8221;{}&#8221;][et_pb_column type=&#8221;4_4&#8243; _builder_version=&#8221;4.20.2&#8243; _module_preset=&#8221;default&#8221; global_colors_info=&#8221;{}&#8221;][et_pb_divider color=&#8221;#ED1C24&#8243; divider_style=&#8221;dashed&#8221; divider_position=&#8221;center&#8221; divider_weight=&#8221;3px&#8221; _builder_version=&#8221;4.20.2&#8243; _module_preset=&#8221;default&#8221; transform_rotate=&#8221;0deg|0deg|91deg&#8221; width=&#8221;7%&#8221; module_alignment=&#8221;center&#8221; global_colors_info=&#8221;{}&#8221;][\/et_pb_divider][\/et_pb_column][\/et_pb_row][et_pb_row make_equal=&#8221;on&#8221; _builder_version=&#8221;4.20.2&#8243; _module_preset=&#8221;default&#8221; custom_css_main_element=&#8221;align-items:center;&#8221; global_colors_info=&#8221;{}&#8221;][et_pb_column type=&#8221;4_4&#8243; _builder_version=&#8221;4.20.2&#8243; _module_preset=&#8221;default&#8221; global_colors_info=&#8221;{}&#8221;][et_pb_text _builder_version=&#8221;4.20.2&#8243; _module_preset=&#8221;default&#8221; global_colors_info=&#8221;{}&#8221;]<\/p>\n<h3>\u201cIl pesto \u00e8 buono\u201d sotto tutti i punti di vista<\/h3>\n<p>Il primo obiettivo dell\u2019iniziativa \u00e8, naturalmente, quello di aiutare la nostra Fondazione a far volare pi\u00f9 bambini possibile verso le cure di cui hanno bisogno.<\/p>\n<p>Nello specifico, i proventi vengono destinati al <b>Flight Emergency Fund<\/b>, uno strumento operativo che ci permette di garantire un intervento immediato quando ci vengono segnalati casi di bambini che hanno bisogno di cure urgenti.<\/p>\n<p>La nostra Fondazione, per\u00f2, \u00e8 molto legata al territorio dove risiede, grazie anche al legame con l\u2019Ospedale pediatrico Gaslini e l\u2019Aeroporto di Genova che, da sempre, sostengono le nostre iniziative. \u201cIl pesto \u00e8 buono\u201d nasce, quindi, anche con l\u2019obiettivo di <strong>promuovere il territorio<\/strong>. Il pesto, eccellenza ligure, \u00e8 conosciuto in tutto il mondo ed \u00e8 risaputo che pu\u00f2 esprimere le sue migliori qualit\u00e0 solo se preparato con il basilico di Pr\u00e0 DOP, l\u2019aglio di Vessalico PAT e l\u2019, Olio Extravergine di Oliva \u201cRiviera Ligure\u201d D.O.P., tre presidi liguri (<a href=\"https:\/\/www.pestochampionship.it\/la-ricetta\/\">qui<\/a> la ricetta ufficiale del Campionato Mondiale del Pesto) ma coinvolge anche altre eccellenze italiane, come il Parmigiano Reggiano e il Pecorino Sardo.<\/p>\n<p>La delusione dei turisti che non potevano portarlo con s\u00e9 influiva sulle vendite e sulla conoscenza della caratteristica salsa nel mondo nella sua versione originale. Oggi, chi visita Genova, come un novello Cristoforo Colombo pu\u00f2 <strong>riportare in patria i sapori della nostra terra, diffondere la cultura del pesto e sognare, avvolto dagli aromi dell\u2019aglio e del basilico, una nuova vacanza in Liguria<\/strong>.<span class=\"Apple-converted-space\">\u00a0<\/span><\/p>\n<p>[\/et_pb_text][\/et_pb_column][\/et_pb_row][\/et_pb_section][et_pb_section fb_built=&#8221;1&#8243; _builder_version=&#8221;4.20.2&#8243; _module_preset=&#8221;default&#8221; global_colors_info=&#8221;{}&#8221;][et_pb_row make_equal=&#8221;on&#8221; _builder_version=&#8221;4.20.2&#8243; _module_preset=&#8221;default&#8221; custom_css_main_element=&#8221;align-items: center;&#8221; global_colors_info=&#8221;{}&#8221;][et_pb_column type=&#8221;4_4&#8243; _builder_version=&#8221;4.20.2&#8243; _module_preset=&#8221;default&#8221; global_colors_info=&#8221;{}&#8221;][et_pb_text _builder_version=&#8221;4.20.2&#8243; _module_preset=&#8221;default&#8221; global_colors_info=&#8221;{}&#8221;]<\/p>\n<h3>Il pesto: buono per tutti<\/h3>\n<p>&#8220;Il Pesto \u00e8 buono&#8221; \u00e8 un\u2019iniziativa buona in tutti i sensi: per i nostri bambini, per la Liguria, per chi gi\u00e0 la ama o la sta appena scoprendo e per tutta l\u2019Italia. E, sotto sotto, lo stile \u00e8 decisamente genovese\u2026 \u201cPrendi pure il pesto &#8211; come direbbero i Pirati dei Caruggi &#8211; basta che te ne torni a casa\u201d.<\/p>\n<p>[\/et_pb_text][\/et_pb_column][\/et_pb_row][\/et_pb_section]<\/p>","protected":false},"excerpt":{"rendered":"<p>&#8220;Il Pesto \u00e8 buono&#8221; \u00e8 un&#8217;iniziativa per volare da Genova portando con s\u00e9 la tipica salsa ligure &#8211; anche casalinga &#8211; e, al contempo, aiutare tanti bambini a ricevere le cure di cui hanno bisogno.<\/p>","protected":false},"author":35,"featured_media":79220,"comment_status":"open","ping_status":"open","sticky":false,"template":"","format":"standard","meta":{"_et_pb_use_builder":"on","_et_pb_old_content":"","_et_gb_content_width":"","footnotes":""},"categories":[12,1],"tags":[],"class_list":["post-79216","post","type-post","status-publish","format-standard","has-post-thumbnail","hentry","category-news","category-senza-categoria"],"yoast_head":"<!-- This site is optimized with the Yoast SEO plugin v27.5 - https:\/\/yoast.com\/product\/yoast-seo-wordpress\/ -->\n<title>Il Pesto \u00e8 buono... da volare! - Flying Angels Foundation ETS<\/title>\n<meta name=\"description\" content=\"\u201cIl pesto \u00e8 buono\u201c \u00e8 un\u2019iniziativa che permette di portare con s\u00e9 in aereo la tipica salsa ligure e, allo stesso tempo, a tanti bimbi di volare verso le cure.\" \/>\n<meta name=\"robots\" content=\"index, follow, max-snippet:-1, max-image-preview:large, max-video-preview:-1\" \/>\n<link rel=\"canonical\" href=\"https:\/\/www.flyingangelsfoundation.org\/en\/news\/il-pesto-e-buono-da-volare\/\" \/>\n<meta property=\"og:locale\" content=\"en_GB\" \/>\n<meta property=\"og:type\" content=\"article\" \/>\n<meta property=\"og:title\" content=\"Il Pesto \u00e8 buono... da volare! - Flying Angels Foundation ETS\" \/>\n<meta property=\"og:description\" content=\"\u201cIl pesto \u00e8 buono\u201c \u00e8 un\u2019iniziativa che permette di portare con s\u00e9 in aereo la tipica salsa ligure e, allo stesso tempo, a tanti bimbi di volare verso le cure.\" \/>\n<meta property=\"og:url\" content=\"https:\/\/www.flyingangelsfoundation.org\/en\/news\/il-pesto-e-buono-da-volare\/\" \/>\n<meta property=\"og:site_name\" content=\"Flying Angels Foundation ETS\" \/>\n<meta property=\"article:published_time\" content=\"2024-03-13T11:05:39+00:00\" \/>\n<meta property=\"article:modified_time\" content=\"2025-02-05T11:13:22+00:00\" \/>\n<meta property=\"og:image\" content=\"https:\/\/www.flyingangelsfoundation.org\/wp-content\/uploads\/2024\/03\/BollinoPestoOK.png\" \/>\n\t<meta property=\"og:image:width\" content=\"1606\" \/>\n\t<meta property=\"og:image:height\" content=\"1606\" \/>\n\t<meta property=\"og:image:type\" content=\"image\/png\" \/>\n<meta name=\"author\" content=\"Marta Prisco\" \/>\n<meta name=\"twitter:card\" content=\"summary_large_image\" \/>\n<meta name=\"twitter:label1\" content=\"Written by\" \/>\n\t<meta name=\"twitter:data1\" content=\"Marta Prisco\" \/>\n\t<meta name=\"twitter:label2\" content=\"Estimated reading time\" \/>\n\t<meta name=\"twitter:data2\" content=\"5 minutes\" \/>\n<script type=\"application\/ld+json\" class=\"yoast-schema-graph\">{\"@context\":\"https:\\\/\\\/schema.org\",\"@graph\":[{\"@type\":\"Article\",\"@id\":\"https:\\\/\\\/www.flyingangelsfoundation.org\\\/senza-categoria\\\/il-pesto-e-buono-da-volare\\\/#article\",\"isPartOf\":{\"@id\":\"https:\\\/\\\/www.flyingangelsfoundation.org\\\/senza-categoria\\\/il-pesto-e-buono-da-volare\\\/\"},\"author\":{\"name\":\"Marta Prisco\",\"@id\":\"https:\\\/\\\/www.flyingangelsfoundation.org\\\/#\\\/schema\\\/person\\\/45c0807b7edc98d5b3df6d74a8d57333\"},\"headline\":\"Il Pesto \u00e8 buono&#8230; da volare!\",\"datePublished\":\"2024-03-13T11:05:39+00:00\",\"dateModified\":\"2025-02-05T11:13:22+00:00\",\"mainEntityOfPage\":{\"@id\":\"https:\\\/\\\/www.flyingangelsfoundation.org\\\/senza-categoria\\\/il-pesto-e-buono-da-volare\\\/\"},\"wordCount\":1261,\"commentCount\":0,\"publisher\":{\"@id\":\"https:\\\/\\\/www.flyingangelsfoundation.org\\\/#organization\"},\"image\":{\"@id\":\"https:\\\/\\\/www.flyingangelsfoundation.org\\\/senza-categoria\\\/il-pesto-e-buono-da-volare\\\/#primaryimage\"},\"thumbnailUrl\":\"https:\\\/\\\/www.flyingangelsfoundation.org\\\/wp-content\\\/uploads\\\/2024\\\/03\\\/BollinoPestoOK.png\",\"articleSection\":[\"News\",\"Senza categoria\"],\"inLanguage\":\"en-GB\",\"potentialAction\":[{\"@type\":\"CommentAction\",\"name\":\"Comment\",\"target\":[\"https:\\\/\\\/www.flyingangelsfoundation.org\\\/senza-categoria\\\/il-pesto-e-buono-da-volare\\\/#respond\"]}]},{\"@type\":\"WebPage\",\"@id\":\"https:\\\/\\\/www.flyingangelsfoundation.org\\\/senza-categoria\\\/il-pesto-e-buono-da-volare\\\/\",\"url\":\"https:\\\/\\\/www.flyingangelsfoundation.org\\\/senza-categoria\\\/il-pesto-e-buono-da-volare\\\/\",\"name\":\"Il Pesto \u00e8 buono... da volare! - Flying Angels Foundation ETS\",\"isPartOf\":{\"@id\":\"https:\\\/\\\/www.flyingangelsfoundation.org\\\/#website\"},\"primaryImageOfPage\":{\"@id\":\"https:\\\/\\\/www.flyingangelsfoundation.org\\\/senza-categoria\\\/il-pesto-e-buono-da-volare\\\/#primaryimage\"},\"image\":{\"@id\":\"https:\\\/\\\/www.flyingangelsfoundation.org\\\/senza-categoria\\\/il-pesto-e-buono-da-volare\\\/#primaryimage\"},\"thumbnailUrl\":\"https:\\\/\\\/www.flyingangelsfoundation.org\\\/wp-content\\\/uploads\\\/2024\\\/03\\\/BollinoPestoOK.png\",\"datePublished\":\"2024-03-13T11:05:39+00:00\",\"dateModified\":\"2025-02-05T11:13:22+00:00\",\"description\":\"\u201cIl pesto \u00e8 buono\u201c \u00e8 un\u2019iniziativa che permette di portare con s\u00e9 in aereo la tipica salsa ligure e, allo stesso tempo, a tanti bimbi di volare verso le cure.\",\"breadcrumb\":{\"@id\":\"https:\\\/\\\/www.flyingangelsfoundation.org\\\/senza-categoria\\\/il-pesto-e-buono-da-volare\\\/#breadcrumb\"},\"inLanguage\":\"en-GB\",\"potentialAction\":[{\"@type\":\"ReadAction\",\"target\":[\"https:\\\/\\\/www.flyingangelsfoundation.org\\\/senza-categoria\\\/il-pesto-e-buono-da-volare\\\/\"]}]},{\"@type\":\"ImageObject\",\"inLanguage\":\"en-GB\",\"@id\":\"https:\\\/\\\/www.flyingangelsfoundation.org\\\/senza-categoria\\\/il-pesto-e-buono-da-volare\\\/#primaryimage\",\"url\":\"https:\\\/\\\/www.flyingangelsfoundation.org\\\/wp-content\\\/uploads\\\/2024\\\/03\\\/BollinoPestoOK.png\",\"contentUrl\":\"https:\\\/\\\/www.flyingangelsfoundation.org\\\/wp-content\\\/uploads\\\/2024\\\/03\\\/BollinoPestoOK.png\",\"width\":1606,\"height\":1606,\"caption\":\"Bollino Il pesto \u00e8 buono\"},{\"@type\":\"BreadcrumbList\",\"@id\":\"https:\\\/\\\/www.flyingangelsfoundation.org\\\/senza-categoria\\\/il-pesto-e-buono-da-volare\\\/#breadcrumb\",\"itemListElement\":[{\"@type\":\"ListItem\",\"position\":1,\"name\":\"Home\",\"item\":\"https:\\\/\\\/www.flyingangelsfoundation.org\\\/\"},{\"@type\":\"ListItem\",\"position\":2,\"name\":\"Il Pesto \u00e8 buono&#8230; da volare!\"}]},{\"@type\":\"WebSite\",\"@id\":\"https:\\\/\\\/www.flyingangelsfoundation.org\\\/#website\",\"url\":\"https:\\\/\\\/www.flyingangelsfoundation.org\\\/\",\"name\":\"Flying Angels Foundation ETS\",\"description\":\"abbiamo bisogno di te per farli volare\",\"publisher\":{\"@id\":\"https:\\\/\\\/www.flyingangelsfoundation.org\\\/#organization\"},\"potentialAction\":[{\"@type\":\"SearchAction\",\"target\":{\"@type\":\"EntryPoint\",\"urlTemplate\":\"https:\\\/\\\/www.flyingangelsfoundation.org\\\/?s={search_term_string}\"},\"query-input\":{\"@type\":\"PropertyValueSpecification\",\"valueRequired\":true,\"valueName\":\"search_term_string\"}}],\"inLanguage\":\"en-GB\"},{\"@type\":\"Organization\",\"@id\":\"https:\\\/\\\/www.flyingangelsfoundation.org\\\/#organization\",\"name\":\"Flying Angels Foundation\",\"url\":\"https:\\\/\\\/www.flyingangelsfoundation.org\\\/\",\"logo\":{\"@type\":\"ImageObject\",\"inLanguage\":\"en-GB\",\"@id\":\"https:\\\/\\\/www.flyingangelsfoundation.org\\\/#\\\/schema\\\/logo\\\/image\\\/\",\"url\":\"https:\\\/\\\/www.flyingangelsfoundation.org\\\/wp-content\\\/uploads\\\/2019\\\/11\\\/logo-flyingangels-1.png\",\"contentUrl\":\"https:\\\/\\\/www.flyingangelsfoundation.org\\\/wp-content\\\/uploads\\\/2019\\\/11\\\/logo-flyingangels-1.png\",\"width\":394,\"height\":87,\"caption\":\"Flying Angels Foundation\"},\"image\":{\"@id\":\"https:\\\/\\\/www.flyingangelsfoundation.org\\\/#\\\/schema\\\/logo\\\/image\\\/\"}},{\"@type\":\"Person\",\"@id\":\"https:\\\/\\\/www.flyingangelsfoundation.org\\\/#\\\/schema\\\/person\\\/45c0807b7edc98d5b3df6d74a8d57333\",\"name\":\"Marta Prisco\",\"image\":{\"@type\":\"ImageObject\",\"inLanguage\":\"en-GB\",\"@id\":\"https:\\\/\\\/secure.gravatar.com\\\/avatar\\\/b49ad5b8ad2b966a43808c016da12481d94f182c2784f309aebdb6327af8e595?s=96&d=mm&r=g\",\"url\":\"https:\\\/\\\/secure.gravatar.com\\\/avatar\\\/b49ad5b8ad2b966a43808c016da12481d94f182c2784f309aebdb6327af8e595?s=96&d=mm&r=g\",\"contentUrl\":\"https:\\\/\\\/secure.gravatar.com\\\/avatar\\\/b49ad5b8ad2b966a43808c016da12481d94f182c2784f309aebdb6327af8e595?s=96&d=mm&r=g\",\"caption\":\"Marta Prisco\"}}]}<\/script>\n<!-- \/ Yoast SEO plugin. -->","yoast_head_json":{"title":"Il Pesto \u00e8 buono... da volare! - Flying Angels Foundation ETS","description":"\u201cIl pesto \u00e8 buono\u201c \u00e8 un\u2019iniziativa che permette di portare con s\u00e9 in aereo la tipica salsa ligure e, allo stesso tempo, a tanti bimbi di volare verso le cure.","robots":{"index":"index","follow":"follow","max-snippet":"max-snippet:-1","max-image-preview":"max-image-preview:large","max-video-preview":"max-video-preview:-1"},"canonical":"https:\/\/www.flyingangelsfoundation.org\/en\/news\/il-pesto-e-buono-da-volare\/","og_locale":"en_GB","og_type":"article","og_title":"Il Pesto \u00e8 buono... da volare! - Flying Angels Foundation ETS","og_description":"\u201cIl pesto \u00e8 buono\u201c \u00e8 un\u2019iniziativa che permette di portare con s\u00e9 in aereo la tipica salsa ligure e, allo stesso tempo, a tanti bimbi di volare verso le cure.","og_url":"https:\/\/www.flyingangelsfoundation.org\/en\/news\/il-pesto-e-buono-da-volare\/","og_site_name":"Flying Angels Foundation ETS","article_published_time":"2024-03-13T11:05:39+00:00","article_modified_time":"2025-02-05T11:13:22+00:00","og_image":[{"width":1606,"height":1606,"url":"https:\/\/www.flyingangelsfoundation.org\/wp-content\/uploads\/2024\/03\/BollinoPestoOK.png","type":"image\/png"}],"author":"Marta Prisco","twitter_card":"summary_large_image","twitter_misc":{"Written by":"Marta Prisco","Estimated reading time":"5 minutes"},"schema":{"@context":"https:\/\/schema.org","@graph":[{"@type":"Article","@id":"https:\/\/www.flyingangelsfoundation.org\/senza-categoria\/il-pesto-e-buono-da-volare\/#article","isPartOf":{"@id":"https:\/\/www.flyingangelsfoundation.org\/senza-categoria\/il-pesto-e-buono-da-volare\/"},"author":{"name":"Marta Prisco","@id":"https:\/\/www.flyingangelsfoundation.org\/#\/schema\/person\/45c0807b7edc98d5b3df6d74a8d57333"},"headline":"Il Pesto \u00e8 buono&#8230; da volare!","datePublished":"2024-03-13T11:05:39+00:00","dateModified":"2025-02-05T11:13:22+00:00","mainEntityOfPage":{"@id":"https:\/\/www.flyingangelsfoundation.org\/senza-categoria\/il-pesto-e-buono-da-volare\/"},"wordCount":1261,"commentCount":0,"publisher":{"@id":"https:\/\/www.flyingangelsfoundation.org\/#organization"},"image":{"@id":"https:\/\/www.flyingangelsfoundation.org\/senza-categoria\/il-pesto-e-buono-da-volare\/#primaryimage"},"thumbnailUrl":"https:\/\/www.flyingangelsfoundation.org\/wp-content\/uploads\/2024\/03\/BollinoPestoOK.png","articleSection":["News","Senza categoria"],"inLanguage":"en-GB","potentialAction":[{"@type":"CommentAction","name":"Comment","target":["https:\/\/www.flyingangelsfoundation.org\/senza-categoria\/il-pesto-e-buono-da-volare\/#respond"]}]},{"@type":"WebPage","@id":"https:\/\/www.flyingangelsfoundation.org\/senza-categoria\/il-pesto-e-buono-da-volare\/","url":"https:\/\/www.flyingangelsfoundation.org\/senza-categoria\/il-pesto-e-buono-da-volare\/","name":"Il Pesto \u00e8 buono... da volare! - Flying Angels Foundation ETS","isPartOf":{"@id":"https:\/\/www.flyingangelsfoundation.org\/#website"},"primaryImageOfPage":{"@id":"https:\/\/www.flyingangelsfoundation.org\/senza-categoria\/il-pesto-e-buono-da-volare\/#primaryimage"},"image":{"@id":"https:\/\/www.flyingangelsfoundation.org\/senza-categoria\/il-pesto-e-buono-da-volare\/#primaryimage"},"thumbnailUrl":"https:\/\/www.flyingangelsfoundation.org\/wp-content\/uploads\/2024\/03\/BollinoPestoOK.png","datePublished":"2024-03-13T11:05:39+00:00","dateModified":"2025-02-05T11:13:22+00:00","description":"\u201cIl pesto \u00e8 buono\u201c \u00e8 un\u2019iniziativa che permette di portare con s\u00e9 in aereo la tipica salsa ligure e, allo stesso tempo, a tanti bimbi di volare verso le cure.","breadcrumb":{"@id":"https:\/\/www.flyingangelsfoundation.org\/senza-categoria\/il-pesto-e-buono-da-volare\/#breadcrumb"},"inLanguage":"en-GB","potentialAction":[{"@type":"ReadAction","target":["https:\/\/www.flyingangelsfoundation.org\/senza-categoria\/il-pesto-e-buono-da-volare\/"]}]},{"@type":"ImageObject","inLanguage":"en-GB","@id":"https:\/\/www.flyingangelsfoundation.org\/senza-categoria\/il-pesto-e-buono-da-volare\/#primaryimage","url":"https:\/\/www.flyingangelsfoundation.org\/wp-content\/uploads\/2024\/03\/BollinoPestoOK.png","contentUrl":"https:\/\/www.flyingangelsfoundation.org\/wp-content\/uploads\/2024\/03\/BollinoPestoOK.png","width":1606,"height":1606,"caption":"Bollino Il pesto \u00e8 buono"},{"@type":"BreadcrumbList","@id":"https:\/\/www.flyingangelsfoundation.org\/senza-categoria\/il-pesto-e-buono-da-volare\/#breadcrumb","itemListElement":[{"@type":"ListItem","position":1,"name":"Home","item":"https:\/\/www.flyingangelsfoundation.org\/"},{"@type":"ListItem","position":2,"name":"Il Pesto \u00e8 buono&#8230; da volare!"}]},{"@type":"WebSite","@id":"https:\/\/www.flyingangelsfoundation.org\/#website","url":"https:\/\/www.flyingangelsfoundation.org\/","name":"Flying Angels Foundation ETS","description":"abbiamo bisogno di te per farli volare","publisher":{"@id":"https:\/\/www.flyingangelsfoundation.org\/#organization"},"potentialAction":[{"@type":"SearchAction","target":{"@type":"EntryPoint","urlTemplate":"https:\/\/www.flyingangelsfoundation.org\/?s={search_term_string}"},"query-input":{"@type":"PropertyValueSpecification","valueRequired":true,"valueName":"search_term_string"}}],"inLanguage":"en-GB"},{"@type":"Organization","@id":"https:\/\/www.flyingangelsfoundation.org\/#organization","name":"Flying Angels Foundation","url":"https:\/\/www.flyingangelsfoundation.org\/","logo":{"@type":"ImageObject","inLanguage":"en-GB","@id":"https:\/\/www.flyingangelsfoundation.org\/#\/schema\/logo\/image\/","url":"https:\/\/www.flyingangelsfoundation.org\/wp-content\/uploads\/2019\/11\/logo-flyingangels-1.png","contentUrl":"https:\/\/www.flyingangelsfoundation.org\/wp-content\/uploads\/2019\/11\/logo-flyingangels-1.png","width":394,"height":87,"caption":"Flying Angels Foundation"},"image":{"@id":"https:\/\/www.flyingangelsfoundation.org\/#\/schema\/logo\/image\/"}},{"@type":"Person","@id":"https:\/\/www.flyingangelsfoundation.org\/#\/schema\/person\/45c0807b7edc98d5b3df6d74a8d57333","name":"Marta Prisco","image":{"@type":"ImageObject","inLanguage":"en-GB","@id":"https:\/\/secure.gravatar.com\/avatar\/b49ad5b8ad2b966a43808c016da12481d94f182c2784f309aebdb6327af8e595?s=96&d=mm&r=g","url":"https:\/\/secure.gravatar.com\/avatar\/b49ad5b8ad2b966a43808c016da12481d94f182c2784f309aebdb6327af8e595?s=96&d=mm&r=g","contentUrl":"https:\/\/secure.gravatar.com\/avatar\/b49ad5b8ad2b966a43808c016da12481d94f182c2784f309aebdb6327af8e595?s=96&d=mm&r=g","caption":"Marta Prisco"}}]}},"_links":{"self":[{"href":"https:\/\/www.flyingangelsfoundation.org\/en\/wp-json\/wp\/v2\/posts\/79216","targetHints":{"allow":["GET"]}}],"collection":[{"href":"https:\/\/www.flyingangelsfoundation.org\/en\/wp-json\/wp\/v2\/posts"}],"about":[{"href":"https:\/\/www.flyingangelsfoundation.org\/en\/wp-json\/wp\/v2\/types\/post"}],"author":[{"embeddable":true,"href":"https:\/\/www.flyingangelsfoundation.org\/en\/wp-json\/wp\/v2\/users\/35"}],"replies":[{"embeddable":true,"href":"https:\/\/www.flyingangelsfoundation.org\/en\/wp-json\/wp\/v2\/comments?post=79216"}],"version-history":[{"count":10,"href":"https:\/\/www.flyingangelsfoundation.org\/en\/wp-json\/wp\/v2\/posts\/79216\/revisions"}],"predecessor-version":[{"id":79257,"href":"https:\/\/www.flyingangelsfoundation.org\/en\/wp-json\/wp\/v2\/posts\/79216\/revisions\/79257"}],"wp:featuredmedia":[{"embeddable":true,"href":"https:\/\/www.flyingangelsfoundation.org\/en\/wp-json\/wp\/v2\/media\/79220"}],"wp:attachment":[{"href":"https:\/\/www.flyingangelsfoundation.org\/en\/wp-json\/wp\/v2\/media?parent=79216"}],"wp:term":[{"taxonomy":"category","embeddable":true,"href":"https:\/\/www.flyingangelsfoundation.org\/en\/wp-json\/wp\/v2\/categories?post=79216"},{"taxonomy":"post_tag","embeddable":true,"href":"https:\/\/www.flyingangelsfoundation.org\/en\/wp-json\/wp\/v2\/tags?post=79216"}],"curies":[{"name":"wp","href":"https:\/\/api.w.org\/{rel}","templated":true}]}}