{"id":81098,"date":"2024-06-21T17:38:06","date_gmt":"2024-06-21T15:38:06","guid":{"rendered":"https:\/\/www.flyingangelsfoundation.org\/?p=81098"},"modified":"2025-06-16T17:41:10","modified_gmt":"2025-06-16T15:41:10","slug":"insieme-per-alleviare-la-sofferenza-2","status":"publish","type":"post","link":"https:\/\/www.flyingangelsfoundation.org\/en\/news\/insieme-per-alleviare-la-sofferenza-2\/","title":{"rendered":"Insieme per alleviare la sofferenza"},"content":{"rendered":"<p>[et_pb_section fb_built=&#8221;1&#8243; _builder_version=&#8221;4.20.2&#8243; _module_preset=&#8221;default&#8221; global_colors_info=&#8221;{}&#8221;][et_pb_row _builder_version=&#8221;4.20.2&#8243; _module_preset=&#8221;default&#8221; global_colors_info=&#8221;{}&#8221;][et_pb_column type=&#8221;4_4&#8243; _builder_version=&#8221;4.20.2&#8243; _module_preset=&#8221;default&#8221; global_colors_info=&#8221;{}&#8221;][et_pb_text _builder_version=&#8221;4.24.3&#8243; _module_preset=&#8221;default&#8221; global_colors_info=&#8221;{}&#8221;]<\/p>\n<h3>La testimonianza di Una Voce per Padre Pio, partner di Flying Angels<\/h3>\n<p><strong>Ines Palumbo<\/strong>, referente dei progetti dell&#8217;Associazione <em>&#8220;Una Voce per Padre Pio Onlus&#8221;<\/em> ricorda un volo molto complesso affrontato insieme e racconta l&#8217;Organizzazione Umanitaria di cui fa parte, al servizio di chi vive nell\u2019emarginazione sociale ed economica.<\/p>\n<p>[\/et_pb_text][\/et_pb_column][\/et_pb_row][\/et_pb_section][et_pb_section fb_built=&#8221;1&#8243; _builder_version=&#8221;4.20.2&#8243; _module_preset=&#8221;default&#8221; background_color=&#8221;#EFF9FF&#8221; global_colors_info=&#8221;{}&#8221;][et_pb_row column_structure=&#8221;1_3,2_3&#8243; _builder_version=&#8221;4.20.2&#8243; _module_preset=&#8221;default&#8221; global_colors_info=&#8221;{}&#8221;][et_pb_column type=&#8221;1_3&#8243; _builder_version=&#8221;4.20.2&#8243; _module_preset=&#8221;default&#8221; global_colors_info=&#8221;{}&#8221;][et_pb_icon font_icon=&#8221;&#x7b;||divi||400&#8243; icon_width=&#8221;200px&#8221; _builder_version=&#8221;4.20.2&#8243; _module_preset=&#8221;default&#8221; transform_rotate=&#8221;0deg|180deg|0deg&#8221; custom_margin=&#8221;0px||||false|false&#8221; custom_padding=&#8221;0px||||false|false&#8221; animation_style=&#8221;roll&#8221; animation_direction=&#8221;top&#8221; global_colors_info=&#8221;{}&#8221;][\/et_pb_icon][\/et_pb_column][et_pb_column type=&#8221;2_3&#8243; _builder_version=&#8221;4.20.2&#8243; _module_preset=&#8221;default&#8221; global_colors_info=&#8221;{}&#8221;][et_pb_text _builder_version=&#8221;4.24.3&#8243; _module_preset=&#8221;default&#8221; global_colors_info=&#8221;{}&#8221;]<\/p>\n<p>L&#8217;incontro delle nostra realt\u00e0 \u00e8 proprio figlio di questa epoca: <strong>era la fine del 2022<\/strong> e avevamo il <strong>bisogno specifico di far arrivare un bambino in Italia per fornirgli cure mediche urgenti che non poteva ricevere nel suo Paese<\/strong>.<\/p>\n<p>Facendo una ricerca su internet abbiamo trovato la perfetta risposta alle nostre esigenze: Flying Angels Foundation. Da quel primo caso \u00e8 nata una Partnership virtuosa che, in neanche due anni, ci ha permesso di curare tantissimi bambini!<\/p>\n<p>[\/et_pb_text][\/et_pb_column][\/et_pb_row][et_pb_row _builder_version=&#8221;4.20.2&#8243; _module_preset=&#8221;default&#8221; global_colors_info=&#8221;{}&#8221;][et_pb_column type=&#8221;4_4&#8243; _builder_version=&#8221;4.20.2&#8243; _module_preset=&#8221;default&#8221; global_colors_info=&#8221;{}&#8221;][et_pb_divider color=&#8221;#ED1C24&#8243; divider_style=&#8221;dashed&#8221; divider_position=&#8221;center&#8221; divider_weight=&#8221;3px&#8221; _builder_version=&#8221;4.20.2&#8243; _module_preset=&#8221;default&#8221; transform_rotate=&#8221;0deg|0deg|91deg&#8221; width=&#8221;7%&#8221; module_alignment=&#8221;center&#8221; global_colors_info=&#8221;{}&#8221;][\/et_pb_divider][\/et_pb_column][\/et_pb_row][et_pb_row column_structure=&#8221;1_3,2_3&#8243; use_custom_gutter=&#8221;on&#8221; gutter_width=&#8221;1&#8243; make_equal=&#8221;on&#8221; _builder_version=&#8221;4.20.2&#8243; _module_preset=&#8221;default&#8221; background_color=&#8221;#FFFFFF&#8221; custom_margin=&#8221;24px||24px||true|false&#8221; custom_padding=&#8221;16px|16px|16px|16px|true|true&#8221; custom_css_main_element=&#8221;align-items: center;&#8221; box_shadow_style=&#8221;preset2&#8243; box_shadow_horizontal=&#8221;0px&#8221; box_shadow_vertical=&#8221;12px&#8221; box_shadow_color=&#8221;rgba(61,61,61,0.2)&#8221; global_colors_info=&#8221;{}&#8221;][et_pb_column type=&#8221;1_3&#8243; _builder_version=&#8221;4.20.2&#8243; _module_preset=&#8221;default&#8221; global_colors_info=&#8221;{}&#8221;][et_pb_image src=&#8221;https:\/\/www.flyingangelsfoundation.org\/wp-content\/uploads\/2024\/05\/Logo-Una-Voce-per-Padre-Pio-e1715763317702.jpg&#8221; alt=&#8221;Logo Una Voce per Padre Pio&#8221; title_text=&#8221;Logo Una Voce per Padre Pio&#8221; url=&#8221;https:\/\/www.unavoceperpadrepio.com&#8221; _builder_version=&#8221;4.24.3&#8243; _module_preset=&#8221;default&#8221; width=&#8221;70%&#8221; module_alignment=&#8221;center&#8221; global_colors_info=&#8221;{}&#8221;][\/et_pb_image][\/et_pb_column][et_pb_column type=&#8221;2_3&#8243; _builder_version=&#8221;4.20.2&#8243; _module_preset=&#8221;default&#8221; global_colors_info=&#8221;{}&#8221;][et_pb_text _builder_version=&#8221;4.24.3&#8243; _module_preset=&#8221;default&#8221; global_colors_info=&#8221;{}&#8221;]<\/p>\n<p><a href=\"https:\/\/www.unavoceperpadrepio.com\" target=\"_blank\" rel=\"noopener\">Una Voce per Padre Pio<\/a> \u00e8 un&#8217;organizzazione laica ispirata alla missione terrena di Padre Pio \u201cIl Sollievo della Sofferenza Umana\u201d.<\/p>\n<p>La missione principale che persegue \u00e8 \u00a0di alleviare la sofferenza dei malati e in particolare quella dei minori con disabilit\u00e0 e degli anziani.<\/p>\n<p>L\u2019associazione ha esteso negli anni il suo raggio di azione a tutti quei soggetti, bambini, anziani, giovani, donne, uomini, che, per vari motivi si trovano in una condizione di disagio fisico ed economico che va a ledere la loro dignit\u00e0 e che li prova fortemente.<\/p>\n<p>[\/et_pb_text][\/et_pb_column][\/et_pb_row][et_pb_row _builder_version=&#8221;4.20.2&#8243; _module_preset=&#8221;default&#8221; global_colors_info=&#8221;{}&#8221;][et_pb_column type=&#8221;4_4&#8243; _builder_version=&#8221;4.20.2&#8243; _module_preset=&#8221;default&#8221; global_colors_info=&#8221;{}&#8221;][et_pb_divider color=&#8221;#ED1C24&#8243; divider_style=&#8221;dashed&#8221; divider_position=&#8221;center&#8221; divider_weight=&#8221;3px&#8221; _builder_version=&#8221;4.20.2&#8243; _module_preset=&#8221;default&#8221; transform_rotate=&#8221;0deg|0deg|91deg&#8221; width=&#8221;7%&#8221; module_alignment=&#8221;center&#8221; global_colors_info=&#8221;{}&#8221;][\/et_pb_divider][\/et_pb_column][\/et_pb_row][et_pb_row column_structure=&#8221;2_3,1_3&#8243; make_equal=&#8221;on&#8221; _builder_version=&#8221;4.20.2&#8243; _module_preset=&#8221;default&#8221; custom_css_main_element=&#8221;align-items:center;&#8221; global_colors_info=&#8221;{}&#8221;][et_pb_column type=&#8221;2_3&#8243; _builder_version=&#8221;4.20.2&#8243; _module_preset=&#8221;default&#8221; global_colors_info=&#8221;{}&#8221;][et_pb_text _builder_version=&#8221;4.24.3&#8243; _module_preset=&#8221;default&#8221; global_colors_info=&#8221;{}&#8221;]<\/p>\n<p>Con Flying Angels condividiamo il valore fondamentale, quello della vita: garantire la sopravvivenza a bambini, i cui diritti fondamentali sono negati, \u00e8 un obiettivo fortemente condiviso.<\/p>\n<p>[\/et_pb_text][\/et_pb_column][et_pb_column type=&#8221;1_3&#8243; _builder_version=&#8221;4.20.2&#8243; _module_preset=&#8221;default&#8221; global_colors_info=&#8221;{}&#8221;][et_pb_icon font_icon=&#8221;&#xf2b5;||fa||900&#8243; icon_width=&#8221;200px&#8221; _builder_version=&#8221;4.20.2&#8243; _module_preset=&#8221;default&#8221; custom_padding=&#8221;||||false|false&#8221; animation_style=&#8221;fade&#8221; animation_direction=&#8221;right&#8221; global_colors_info=&#8221;{}&#8221;][\/et_pb_icon][\/et_pb_column][\/et_pb_row][\/et_pb_section][et_pb_section fb_built=&#8221;1&#8243; _builder_version=&#8221;4.20.2&#8243; _module_preset=&#8221;default&#8221; global_colors_info=&#8221;{}&#8221;][et_pb_row column_structure=&#8221;2_3,1_3&#8243; make_equal=&#8221;on&#8221; _builder_version=&#8221;4.24.3&#8243; _module_preset=&#8221;default&#8221; custom_css_main_element=&#8221;align-items: center;&#8221; global_colors_info=&#8221;{}&#8221;][et_pb_column type=&#8221;2_3&#8243; _builder_version=&#8221;4.20.2&#8243; _module_preset=&#8221;default&#8221; global_colors_info=&#8221;{}&#8221;][et_pb_text _builder_version=&#8221;4.24.3&#8243; _module_preset=&#8221;default&#8221; global_colors_info=&#8221;{}&#8221;]<\/p>\n<p>Tra i tanti casi affrontati insieme, nonostante la breve collaborazione, ricordiamo in particolare <strong>la piccola Christ, una bimba il cui destino sembrava segnato<\/strong>.<\/p>\n<p>Alla nascita i genitori, a seguito di diverse criticit\u00e0 cliniche, si sono accorti della sua cardiopatia. Il pap\u00e0 ha abbandonato la mamma e la piccola e la mamma, disperata, si \u00e8 rivolta alla nostra sede camerunense per chiedere aiuto. I medici davano per spacciata la piccola ma noi abbiamo chiesto parere all\u2019eccellenza ospedaliera italiana nel settore, l\u2019Ospedale di Bergamo che era pronta a prenderla in carico.<\/p>\n<p><strong>La partenza era fissata ma la piccola ha avuto un destino avverso<\/strong>: mentre mamma e bimba cercavano di raggiungere l&#8217;aeroporto di Yaound\u00e8, un incidente di un autobus ha bloccato l&#8217;unica strada percorribile, facendogli perdere il volo.<\/p>\n<p>Il volo \u00e8 stato posticipato ma durante lo scalo la piccola ha avuto una crisi respiratoria e ha necessitato di un ricovero urgente all\u2019Ospedale Saint Luis di Bruxelles. La struttura tuttavia non avendo fondi dedicati per coprire l\u2019intervento, ha cercato di stabilizzare la bambina per successivo trasferimento. Visti i tempi lunghi di attesa, <strong>Flying Angels Foundation si \u00e8 subito unita a noi nel cercare una soluzione rapida e salvavita per la piccola offrendosi anche di pagare l\u2019eliambulanza<\/strong>. Fortunatamente il volo \u00e8 stato garantito da un benefattore, lasciando libere le risorse di Flying Angels Foundation per garantire altri voli salvavita per altri bambini.<\/p>\n<p>Appena le condizioni cliniche l\u2019hanno permesso<strong> la piccola \u00e8 stata finalmente trasferita a Bergamo <\/strong>dove ha subito altri interventi che le hanno permesso di risolvere la cardiopatia e dove ha potuto affrontare con forza e determinazione il post operatorio.<\/p>\n<p>In questa esperienza l\u2019equipe del Dott. Seddio e Flying Angels Foundation ci hanno sostenuto e supportato costantemente <strong>rendendoci fieri e orgogliosi di essere italiani e di operare nel sociale per le fasce deboli vulnerabili<\/strong>.<\/p>\n<p>[\/et_pb_text][\/et_pb_column][et_pb_column type=&#8221;1_3&#8243; _builder_version=&#8221;4.20.2&#8243; _module_preset=&#8221;default&#8221; global_colors_info=&#8221;{}&#8221;][et_pb_image src=&#8221;https:\/\/www.flyingangelsfoundation.org\/wp-content\/uploads\/2024\/04\/Christ-in-braccio-vert.jpeg&#8221; alt=&#8221;Christ prima della partenza&#8221; title_text=&#8221;Christ, in braccio, vert&#8221; _builder_version=&#8221;4.24.3&#8243; _module_preset=&#8221;default&#8221; global_colors_info=&#8221;{}&#8221;][\/et_pb_image][\/et_pb_column][\/et_pb_row][\/et_pb_section][et_pb_section fb_built=&#8221;1&#8243; _builder_version=&#8221;4.20.2&#8243; _module_preset=&#8221;default&#8221; background_color=&#8221;#EFF9FF&#8221; background_enable_image=&#8221;off&#8221; background_size=&#8221;contain&#8221; global_colors_info=&#8221;{}&#8221;][et_pb_row column_structure=&#8221;2_3,1_3&#8243; make_equal=&#8221;on&#8221; _builder_version=&#8221;4.20.2&#8243; _module_preset=&#8221;default&#8221; custom_css_main_element=&#8221;align-items: center;&#8221; global_colors_info=&#8221;{}&#8221;][et_pb_column type=&#8221;2_3&#8243; _builder_version=&#8221;4.20.2&#8243; _module_preset=&#8221;default&#8221; global_colors_info=&#8221;{}&#8221;][et_pb_text _builder_version=&#8221;4.24.3&#8243; _module_preset=&#8221;default&#8221; global_colors_info=&#8221;{}&#8221;]<\/p>\n<p>Seguiamo molti progetti, in Italia e nei vari territori in cui garantiamo diverse Opere e Strutture Sociali, come Costa d&#8217;Avorio, Camerun, Togo, Senegal, Burkina Faso e Benin. Molti dei nostri interventi riguardano minori e sono focalizzati sul miglioramento delle condizioni di vita nelle comunit\u00e0 di appartenenza.<\/p>\n<p>La collaborazione con Flying Angels ci permette di <strong>non lasciare nessuno indietro<\/strong> e di <strong>prendere in carico tutti i casi, anche quelli che non possiamo affrontare nei Paesi di origine.<\/strong><\/p>\n<p>[\/et_pb_text][\/et_pb_column][et_pb_column type=&#8221;1_3&#8243; _builder_version=&#8221;4.20.2&#8243; _module_preset=&#8221;default&#8221; global_colors_info=&#8221;{}&#8221;][et_pb_icon font_icon=&#8221;&#x7b;||divi||400&#8243; icon_width=&#8221;200px&#8221; _builder_version=&#8221;4.20.2&#8243; _module_preset=&#8221;default&#8221; custom_margin=&#8221;0px||||false|false&#8221; custom_padding=&#8221;0px||||false|false&#8221; animation_style=&#8221;roll&#8221; animation_direction=&#8221;bottom&#8221; locked=&#8221;off&#8221; global_colors_info=&#8221;{}&#8221;][\/et_pb_icon][\/et_pb_column][\/et_pb_row][\/et_pb_section]<\/p>","protected":false},"excerpt":{"rendered":"<p>Ines Palumbo, referente dei progetti dell&#8217;Associazione &#8220;Una Voce per Padre Pio Onlus&#8221; ricorda un volo molto complesso affrontato insieme e racconta l&#8217;Organizzazione Umanitaria di cui fa parte, al servizio di chi vive nell\u2019emarginazione sociale ed economica.<\/p>","protected":false},"author":35,"featured_media":79870,"comment_status":"open","ping_status":"open","sticky":false,"template":"","format":"standard","meta":{"_et_pb_use_builder":"on","_et_pb_old_content":"","_et_gb_content_width":"","footnotes":""},"categories":[20,12],"tags":[61,50,67,59],"class_list":["post-81098","post","type-post","status-publish","format-standard","has-post-thumbnail","hentry","category-collaborazioni","category-news","tag-accoglienza","tag-bambini","tag-camerun","tag-partner"],"yoast_head":"<!-- This site is optimized with the Yoast SEO plugin v27.5 - https:\/\/yoast.com\/product\/yoast-seo-wordpress\/ -->\n<title>Insieme per alleviare la sofferenza - Flying Angels Foundation ETS<\/title>\n<meta name=\"description\" content=\"Alcune storie fanno fatica a decollare mentre ci sono partnership che partono con il turbo: il viaggio di Christ e Una Voce per Padre Pio\" \/>\n<meta name=\"robots\" content=\"index, follow, max-snippet:-1, max-image-preview:large, max-video-preview:-1\" \/>\n<link rel=\"canonical\" href=\"https:\/\/www.flyingangelsfoundation.org\/en\/news\/insieme-per-alleviare-la-sofferenza-2\/\" \/>\n<meta property=\"og:locale\" content=\"en_GB\" \/>\n<meta property=\"og:type\" content=\"article\" \/>\n<meta property=\"og:title\" content=\"Insieme per alleviare la sofferenza - Flying Angels Foundation ETS\" \/>\n<meta property=\"og:description\" content=\"Alcune storie fanno fatica a decollare mentre ci sono partnership che partono con il turbo: il viaggio di Christ e Una Voce per Padre Pio\" \/>\n<meta property=\"og:url\" content=\"https:\/\/www.flyingangelsfoundation.org\/en\/news\/insieme-per-alleviare-la-sofferenza-2\/\" \/>\n<meta property=\"og:site_name\" content=\"Flying Angels Foundation ETS\" \/>\n<meta property=\"article:published_time\" content=\"2024-06-21T15:38:06+00:00\" \/>\n<meta property=\"article:modified_time\" content=\"2025-06-16T15:41:10+00:00\" \/>\n<meta property=\"og:image\" content=\"https:\/\/www.flyingangelsfoundation.org\/wp-content\/uploads\/2024\/04\/Apertura-Sede-Camerun-770x370-1.png\" \/>\n\t<meta property=\"og:image:width\" content=\"770\" \/>\n\t<meta property=\"og:image:height\" content=\"370\" \/>\n\t<meta property=\"og:image:type\" content=\"image\/png\" \/>\n<meta name=\"author\" content=\"Marta Prisco\" \/>\n<meta name=\"twitter:card\" content=\"summary_large_image\" \/>\n<meta name=\"twitter:label1\" content=\"Written by\" \/>\n\t<meta name=\"twitter:data1\" content=\"Marta Prisco\" \/>\n\t<meta name=\"twitter:label2\" content=\"Estimated reading time\" \/>\n\t<meta name=\"twitter:data2\" content=\"4 minutes\" \/>\n<script type=\"application\/ld+json\" class=\"yoast-schema-graph\">{\"@context\":\"https:\\\/\\\/schema.org\",\"@graph\":[{\"@type\":\"Article\",\"@id\":\"https:\\\/\\\/www.flyingangelsfoundation.org\\\/news\\\/insieme-per-alleviare-la-sofferenza-2\\\/#article\",\"isPartOf\":{\"@id\":\"https:\\\/\\\/www.flyingangelsfoundation.org\\\/news\\\/insieme-per-alleviare-la-sofferenza-2\\\/\"},\"author\":{\"name\":\"Marta Prisco\",\"@id\":\"https:\\\/\\\/www.flyingangelsfoundation.org\\\/#\\\/schema\\\/person\\\/45c0807b7edc98d5b3df6d74a8d57333\"},\"headline\":\"Insieme per alleviare la sofferenza\",\"datePublished\":\"2024-06-21T15:38:06+00:00\",\"dateModified\":\"2025-06-16T15:41:10+00:00\",\"mainEntityOfPage\":{\"@id\":\"https:\\\/\\\/www.flyingangelsfoundation.org\\\/news\\\/insieme-per-alleviare-la-sofferenza-2\\\/\"},\"wordCount\":1438,\"commentCount\":0,\"publisher\":{\"@id\":\"https:\\\/\\\/www.flyingangelsfoundation.org\\\/#organization\"},\"image\":{\"@id\":\"https:\\\/\\\/www.flyingangelsfoundation.org\\\/news\\\/insieme-per-alleviare-la-sofferenza-2\\\/#primaryimage\"},\"thumbnailUrl\":\"https:\\\/\\\/www.flyingangelsfoundation.org\\\/wp-content\\\/uploads\\\/2024\\\/04\\\/Apertura-Sede-Camerun-770x370-1.png\",\"keywords\":[\"accoglienza\",\"bambini\",\"camerun\",\"partner\"],\"articleSection\":[\"collaborazioni\",\"News\"],\"inLanguage\":\"en-GB\",\"potentialAction\":[{\"@type\":\"CommentAction\",\"name\":\"Comment\",\"target\":[\"https:\\\/\\\/www.flyingangelsfoundation.org\\\/news\\\/insieme-per-alleviare-la-sofferenza-2\\\/#respond\"]}]},{\"@type\":\"WebPage\",\"@id\":\"https:\\\/\\\/www.flyingangelsfoundation.org\\\/news\\\/insieme-per-alleviare-la-sofferenza-2\\\/\",\"url\":\"https:\\\/\\\/www.flyingangelsfoundation.org\\\/news\\\/insieme-per-alleviare-la-sofferenza-2\\\/\",\"name\":\"Insieme per alleviare la sofferenza - Flying Angels Foundation ETS\",\"isPartOf\":{\"@id\":\"https:\\\/\\\/www.flyingangelsfoundation.org\\\/#website\"},\"primaryImageOfPage\":{\"@id\":\"https:\\\/\\\/www.flyingangelsfoundation.org\\\/news\\\/insieme-per-alleviare-la-sofferenza-2\\\/#primaryimage\"},\"image\":{\"@id\":\"https:\\\/\\\/www.flyingangelsfoundation.org\\\/news\\\/insieme-per-alleviare-la-sofferenza-2\\\/#primaryimage\"},\"thumbnailUrl\":\"https:\\\/\\\/www.flyingangelsfoundation.org\\\/wp-content\\\/uploads\\\/2024\\\/04\\\/Apertura-Sede-Camerun-770x370-1.png\",\"datePublished\":\"2024-06-21T15:38:06+00:00\",\"dateModified\":\"2025-06-16T15:41:10+00:00\",\"description\":\"Alcune storie fanno fatica a decollare mentre ci sono partnership che partono con il turbo: il viaggio di Christ e Una Voce per Padre Pio\",\"breadcrumb\":{\"@id\":\"https:\\\/\\\/www.flyingangelsfoundation.org\\\/news\\\/insieme-per-alleviare-la-sofferenza-2\\\/#breadcrumb\"},\"inLanguage\":\"en-GB\",\"potentialAction\":[{\"@type\":\"ReadAction\",\"target\":[\"https:\\\/\\\/www.flyingangelsfoundation.org\\\/news\\\/insieme-per-alleviare-la-sofferenza-2\\\/\"]}]},{\"@type\":\"ImageObject\",\"inLanguage\":\"en-GB\",\"@id\":\"https:\\\/\\\/www.flyingangelsfoundation.org\\\/news\\\/insieme-per-alleviare-la-sofferenza-2\\\/#primaryimage\",\"url\":\"https:\\\/\\\/www.flyingangelsfoundation.org\\\/wp-content\\\/uploads\\\/2024\\\/04\\\/Apertura-Sede-Camerun-770x370-1.png\",\"contentUrl\":\"https:\\\/\\\/www.flyingangelsfoundation.org\\\/wp-content\\\/uploads\\\/2024\\\/04\\\/Apertura-Sede-Camerun-770x370-1.png\",\"width\":770,\"height\":370,\"caption\":\"Logo Una Voce per Padre Pio\"},{\"@type\":\"BreadcrumbList\",\"@id\":\"https:\\\/\\\/www.flyingangelsfoundation.org\\\/news\\\/insieme-per-alleviare-la-sofferenza-2\\\/#breadcrumb\",\"itemListElement\":[{\"@type\":\"ListItem\",\"position\":1,\"name\":\"Home\",\"item\":\"https:\\\/\\\/www.flyingangelsfoundation.org\\\/\"},{\"@type\":\"ListItem\",\"position\":2,\"name\":\"Insieme per alleviare la sofferenza\"}]},{\"@type\":\"WebSite\",\"@id\":\"https:\\\/\\\/www.flyingangelsfoundation.org\\\/#website\",\"url\":\"https:\\\/\\\/www.flyingangelsfoundation.org\\\/\",\"name\":\"Flying Angels Foundation ETS\",\"description\":\"abbiamo bisogno di te per farli volare\",\"publisher\":{\"@id\":\"https:\\\/\\\/www.flyingangelsfoundation.org\\\/#organization\"},\"potentialAction\":[{\"@type\":\"SearchAction\",\"target\":{\"@type\":\"EntryPoint\",\"urlTemplate\":\"https:\\\/\\\/www.flyingangelsfoundation.org\\\/?s={search_term_string}\"},\"query-input\":{\"@type\":\"PropertyValueSpecification\",\"valueRequired\":true,\"valueName\":\"search_term_string\"}}],\"inLanguage\":\"en-GB\"},{\"@type\":\"Organization\",\"@id\":\"https:\\\/\\\/www.flyingangelsfoundation.org\\\/#organization\",\"name\":\"Flying Angels Foundation\",\"url\":\"https:\\\/\\\/www.flyingangelsfoundation.org\\\/\",\"logo\":{\"@type\":\"ImageObject\",\"inLanguage\":\"en-GB\",\"@id\":\"https:\\\/\\\/www.flyingangelsfoundation.org\\\/#\\\/schema\\\/logo\\\/image\\\/\",\"url\":\"https:\\\/\\\/www.flyingangelsfoundation.org\\\/wp-content\\\/uploads\\\/2019\\\/11\\\/logo-flyingangels-1.png\",\"contentUrl\":\"https:\\\/\\\/www.flyingangelsfoundation.org\\\/wp-content\\\/uploads\\\/2019\\\/11\\\/logo-flyingangels-1.png\",\"width\":394,\"height\":87,\"caption\":\"Flying Angels Foundation\"},\"image\":{\"@id\":\"https:\\\/\\\/www.flyingangelsfoundation.org\\\/#\\\/schema\\\/logo\\\/image\\\/\"}},{\"@type\":\"Person\",\"@id\":\"https:\\\/\\\/www.flyingangelsfoundation.org\\\/#\\\/schema\\\/person\\\/45c0807b7edc98d5b3df6d74a8d57333\",\"name\":\"Marta Prisco\",\"image\":{\"@type\":\"ImageObject\",\"inLanguage\":\"en-GB\",\"@id\":\"https:\\\/\\\/secure.gravatar.com\\\/avatar\\\/b49ad5b8ad2b966a43808c016da12481d94f182c2784f309aebdb6327af8e595?s=96&d=mm&r=g\",\"url\":\"https:\\\/\\\/secure.gravatar.com\\\/avatar\\\/b49ad5b8ad2b966a43808c016da12481d94f182c2784f309aebdb6327af8e595?s=96&d=mm&r=g\",\"contentUrl\":\"https:\\\/\\\/secure.gravatar.com\\\/avatar\\\/b49ad5b8ad2b966a43808c016da12481d94f182c2784f309aebdb6327af8e595?s=96&d=mm&r=g\",\"caption\":\"Marta Prisco\"}}]}<\/script>\n<!-- \/ Yoast SEO plugin. -->","yoast_head_json":{"title":"Insieme per alleviare la sofferenza - Flying Angels Foundation ETS","description":"Alcune storie fanno fatica a decollare mentre ci sono partnership che partono con il turbo: il viaggio di Christ e Una Voce per Padre Pio","robots":{"index":"index","follow":"follow","max-snippet":"max-snippet:-1","max-image-preview":"max-image-preview:large","max-video-preview":"max-video-preview:-1"},"canonical":"https:\/\/www.flyingangelsfoundation.org\/en\/news\/insieme-per-alleviare-la-sofferenza-2\/","og_locale":"en_GB","og_type":"article","og_title":"Insieme per alleviare la sofferenza - Flying Angels Foundation ETS","og_description":"Alcune storie fanno fatica a decollare mentre ci sono partnership che partono con il turbo: il viaggio di Christ e Una Voce per Padre Pio","og_url":"https:\/\/www.flyingangelsfoundation.org\/en\/news\/insieme-per-alleviare-la-sofferenza-2\/","og_site_name":"Flying Angels Foundation ETS","article_published_time":"2024-06-21T15:38:06+00:00","article_modified_time":"2025-06-16T15:41:10+00:00","og_image":[{"width":770,"height":370,"url":"https:\/\/www.flyingangelsfoundation.org\/wp-content\/uploads\/2024\/04\/Apertura-Sede-Camerun-770x370-1.png","type":"image\/png"}],"author":"Marta Prisco","twitter_card":"summary_large_image","twitter_misc":{"Written by":"Marta Prisco","Estimated reading time":"4 minutes"},"schema":{"@context":"https:\/\/schema.org","@graph":[{"@type":"Article","@id":"https:\/\/www.flyingangelsfoundation.org\/news\/insieme-per-alleviare-la-sofferenza-2\/#article","isPartOf":{"@id":"https:\/\/www.flyingangelsfoundation.org\/news\/insieme-per-alleviare-la-sofferenza-2\/"},"author":{"name":"Marta Prisco","@id":"https:\/\/www.flyingangelsfoundation.org\/#\/schema\/person\/45c0807b7edc98d5b3df6d74a8d57333"},"headline":"Insieme per alleviare la sofferenza","datePublished":"2024-06-21T15:38:06+00:00","dateModified":"2025-06-16T15:41:10+00:00","mainEntityOfPage":{"@id":"https:\/\/www.flyingangelsfoundation.org\/news\/insieme-per-alleviare-la-sofferenza-2\/"},"wordCount":1438,"commentCount":0,"publisher":{"@id":"https:\/\/www.flyingangelsfoundation.org\/#organization"},"image":{"@id":"https:\/\/www.flyingangelsfoundation.org\/news\/insieme-per-alleviare-la-sofferenza-2\/#primaryimage"},"thumbnailUrl":"https:\/\/www.flyingangelsfoundation.org\/wp-content\/uploads\/2024\/04\/Apertura-Sede-Camerun-770x370-1.png","keywords":["accoglienza","bambini","camerun","partner"],"articleSection":["collaborazioni","News"],"inLanguage":"en-GB","potentialAction":[{"@type":"CommentAction","name":"Comment","target":["https:\/\/www.flyingangelsfoundation.org\/news\/insieme-per-alleviare-la-sofferenza-2\/#respond"]}]},{"@type":"WebPage","@id":"https:\/\/www.flyingangelsfoundation.org\/news\/insieme-per-alleviare-la-sofferenza-2\/","url":"https:\/\/www.flyingangelsfoundation.org\/news\/insieme-per-alleviare-la-sofferenza-2\/","name":"Insieme per alleviare la sofferenza - Flying Angels Foundation ETS","isPartOf":{"@id":"https:\/\/www.flyingangelsfoundation.org\/#website"},"primaryImageOfPage":{"@id":"https:\/\/www.flyingangelsfoundation.org\/news\/insieme-per-alleviare-la-sofferenza-2\/#primaryimage"},"image":{"@id":"https:\/\/www.flyingangelsfoundation.org\/news\/insieme-per-alleviare-la-sofferenza-2\/#primaryimage"},"thumbnailUrl":"https:\/\/www.flyingangelsfoundation.org\/wp-content\/uploads\/2024\/04\/Apertura-Sede-Camerun-770x370-1.png","datePublished":"2024-06-21T15:38:06+00:00","dateModified":"2025-06-16T15:41:10+00:00","description":"Alcune storie fanno fatica a decollare mentre ci sono partnership che partono con il turbo: il viaggio di Christ e Una Voce per Padre Pio","breadcrumb":{"@id":"https:\/\/www.flyingangelsfoundation.org\/news\/insieme-per-alleviare-la-sofferenza-2\/#breadcrumb"},"inLanguage":"en-GB","potentialAction":[{"@type":"ReadAction","target":["https:\/\/www.flyingangelsfoundation.org\/news\/insieme-per-alleviare-la-sofferenza-2\/"]}]},{"@type":"ImageObject","inLanguage":"en-GB","@id":"https:\/\/www.flyingangelsfoundation.org\/news\/insieme-per-alleviare-la-sofferenza-2\/#primaryimage","url":"https:\/\/www.flyingangelsfoundation.org\/wp-content\/uploads\/2024\/04\/Apertura-Sede-Camerun-770x370-1.png","contentUrl":"https:\/\/www.flyingangelsfoundation.org\/wp-content\/uploads\/2024\/04\/Apertura-Sede-Camerun-770x370-1.png","width":770,"height":370,"caption":"Logo Una Voce per Padre Pio"},{"@type":"BreadcrumbList","@id":"https:\/\/www.flyingangelsfoundation.org\/news\/insieme-per-alleviare-la-sofferenza-2\/#breadcrumb","itemListElement":[{"@type":"ListItem","position":1,"name":"Home","item":"https:\/\/www.flyingangelsfoundation.org\/"},{"@type":"ListItem","position":2,"name":"Insieme per alleviare la sofferenza"}]},{"@type":"WebSite","@id":"https:\/\/www.flyingangelsfoundation.org\/#website","url":"https:\/\/www.flyingangelsfoundation.org\/","name":"Flying Angels Foundation ETS","description":"abbiamo bisogno di te per farli volare","publisher":{"@id":"https:\/\/www.flyingangelsfoundation.org\/#organization"},"potentialAction":[{"@type":"SearchAction","target":{"@type":"EntryPoint","urlTemplate":"https:\/\/www.flyingangelsfoundation.org\/?s={search_term_string}"},"query-input":{"@type":"PropertyValueSpecification","valueRequired":true,"valueName":"search_term_string"}}],"inLanguage":"en-GB"},{"@type":"Organization","@id":"https:\/\/www.flyingangelsfoundation.org\/#organization","name":"Flying Angels Foundation","url":"https:\/\/www.flyingangelsfoundation.org\/","logo":{"@type":"ImageObject","inLanguage":"en-GB","@id":"https:\/\/www.flyingangelsfoundation.org\/#\/schema\/logo\/image\/","url":"https:\/\/www.flyingangelsfoundation.org\/wp-content\/uploads\/2019\/11\/logo-flyingangels-1.png","contentUrl":"https:\/\/www.flyingangelsfoundation.org\/wp-content\/uploads\/2019\/11\/logo-flyingangels-1.png","width":394,"height":87,"caption":"Flying Angels Foundation"},"image":{"@id":"https:\/\/www.flyingangelsfoundation.org\/#\/schema\/logo\/image\/"}},{"@type":"Person","@id":"https:\/\/www.flyingangelsfoundation.org\/#\/schema\/person\/45c0807b7edc98d5b3df6d74a8d57333","name":"Marta Prisco","image":{"@type":"ImageObject","inLanguage":"en-GB","@id":"https:\/\/secure.gravatar.com\/avatar\/b49ad5b8ad2b966a43808c016da12481d94f182c2784f309aebdb6327af8e595?s=96&d=mm&r=g","url":"https:\/\/secure.gravatar.com\/avatar\/b49ad5b8ad2b966a43808c016da12481d94f182c2784f309aebdb6327af8e595?s=96&d=mm&r=g","contentUrl":"https:\/\/secure.gravatar.com\/avatar\/b49ad5b8ad2b966a43808c016da12481d94f182c2784f309aebdb6327af8e595?s=96&d=mm&r=g","caption":"Marta Prisco"}}]}},"_links":{"self":[{"href":"https:\/\/www.flyingangelsfoundation.org\/en\/wp-json\/wp\/v2\/posts\/81098","targetHints":{"allow":["GET"]}}],"collection":[{"href":"https:\/\/www.flyingangelsfoundation.org\/en\/wp-json\/wp\/v2\/posts"}],"about":[{"href":"https:\/\/www.flyingangelsfoundation.org\/en\/wp-json\/wp\/v2\/types\/post"}],"author":[{"embeddable":true,"href":"https:\/\/www.flyingangelsfoundation.org\/en\/wp-json\/wp\/v2\/users\/35"}],"replies":[{"embeddable":true,"href":"https:\/\/www.flyingangelsfoundation.org\/en\/wp-json\/wp\/v2\/comments?post=81098"}],"version-history":[{"count":6,"href":"https:\/\/www.flyingangelsfoundation.org\/en\/wp-json\/wp\/v2\/posts\/81098\/revisions"}],"predecessor-version":[{"id":86335,"href":"https:\/\/www.flyingangelsfoundation.org\/en\/wp-json\/wp\/v2\/posts\/81098\/revisions\/86335"}],"wp:featuredmedia":[{"embeddable":true,"href":"https:\/\/www.flyingangelsfoundation.org\/en\/wp-json\/wp\/v2\/media\/79870"}],"wp:attachment":[{"href":"https:\/\/www.flyingangelsfoundation.org\/en\/wp-json\/wp\/v2\/media?parent=81098"}],"wp:term":[{"taxonomy":"category","embeddable":true,"href":"https:\/\/www.flyingangelsfoundation.org\/en\/wp-json\/wp\/v2\/categories?post=81098"},{"taxonomy":"post_tag","embeddable":true,"href":"https:\/\/www.flyingangelsfoundation.org\/en\/wp-json\/wp\/v2\/tags?post=81098"}],"curies":[{"name":"wp","href":"https:\/\/api.w.org\/{rel}","templated":true}]}}