{"id":83981,"date":"2025-02-05T14:52:20","date_gmt":"2025-02-05T13:52:20","guid":{"rendered":"https:\/\/www.flyingangelsfoundation.org\/?p=83981"},"modified":"2025-02-07T10:33:09","modified_gmt":"2025-02-07T09:33:09","slug":"in-volo-per-la-vita-con-aeroporto-di-genova-e-gaslini","status":"publish","type":"post","link":"https:\/\/www.flyingangelsfoundation.org\/en\/news\/in-volo-per-la-vita-con-aeroporto-di-genova-e-gaslini\/","title":{"rendered":"In Volo per la Vita con Aeroporto di Genova e Gaslini"},"content":{"rendered":"<p>[et_pb_section fb_built=&#8221;1&#8243; admin_label=&#8221;section&#8221; _builder_version=&#8221;4.16&#8243; custom_padding=&#8221;||7px|||&#8221; global_colors_info=&#8221;{}&#8221;][et_pb_row column_structure=&#8221;3_4,1_4&#8243; _builder_version=&#8221;4.24.3&#8243; _module_preset=&#8221;default&#8221; global_colors_info=&#8221;{}&#8221;][et_pb_column type=&#8221;3_4&#8243; _builder_version=&#8221;4.24.3&#8243; _module_preset=&#8221;default&#8221; global_colors_info=&#8221;{}&#8221;][et_pb_text _builder_version=&#8221;4.24.3&#8243; _module_preset=&#8221;default&#8221; global_colors_info=&#8221;{}&#8221;]<\/p>\n<p>Il 5 febbraio 2025 si \u00e8 svolto l&#8217;<b><i>Airport Day \u2013 Aeroporti in pista per il Paese<\/i><\/b>, un\u2019iniziativa nazionale promossa da Assaeroporti, che coinvolge contemporaneamente tutti gli aeroporti italiani per sottolineare il ruolo strategico del settore aereo nello sviluppo economico, sociale e tecnologico del Paese.<span class=\"Apple-converted-space\">\u00a0<\/span><\/p>\n<p>In questa occasione <b>l\u2019<a href=\"https:\/\/www.airport.genova.it\" target=\"_blank\" rel=\"noopener\">Aeroporto di Genova <\/a><\/b>ha scelto di dedicare il proprio focus all\u2019importante iniziativa sociale &#8220;In volo per la Vita&#8221;, realizzata in collaborazione con <b>Flying Angels Foundation <\/b>and <b>L\u2019<a href=\"https:\/\/www.gaslini.org\" target=\"_blank\" rel=\"noopener\">IRCCS Istituto Giannina Gaslini<\/a><\/b>, con il sostegno della <b>Regione Liguria<\/b>.<span class=\"Apple-converted-space\">\u00a0<\/span><\/p>\n<p>[\/et_pb_text][\/et_pb_column][et_pb_column type=&#8221;1_4&#8243; _builder_version=&#8221;4.24.3&#8243; _module_preset=&#8221;default&#8221; global_colors_info=&#8221;{}&#8221;][et_pb_image src=&#8221;https:\/\/www.flyingangelsfoundation.org\/wp-content\/uploads\/2025\/02\/Logo-AirportDay-e1738757067745.png&#8221; title_text=&#8221;Logo AirportDay&#8221; _builder_version=&#8221;4.24.3&#8243; _module_preset=&#8221;default&#8221; global_colors_info=&#8221;{}&#8221;][\/et_pb_image][\/et_pb_column][\/et_pb_row][\/et_pb_section][et_pb_section fb_built=&#8221;1&#8243; _builder_version=&#8221;4.24.3&#8243; _module_preset=&#8221;default&#8221; background_color=&#8221;#EFF9FF&#8221; custom_padding=&#8221;7px||6px|||&#8221; global_colors_info=&#8221;{}&#8221;][et_pb_row _builder_version=&#8221;4.24.3&#8243; _module_preset=&#8221;default&#8221; global_colors_info=&#8221;{}&#8221;][et_pb_column type=&#8221;4_4&#8243; _builder_version=&#8221;4.24.3&#8243; _module_preset=&#8221;default&#8221; global_colors_info=&#8221;{}&#8221;][et_pb_text _builder_version=&#8221;4.24.3&#8243; _module_preset=&#8221;default&#8221; global_colors_info=&#8221;{}&#8221;]<\/p>\n<h2 style=\"text-align: center;\">L&#8217;evento<\/h2>\n<p>[\/et_pb_text][\/et_pb_column][\/et_pb_row][et_pb_row column_structure=&#8221;1_3,2_3&#8243; _builder_version=&#8221;4.24.3&#8243; _module_preset=&#8221;default&#8221; global_colors_info=&#8221;{}&#8221;][et_pb_column type=&#8221;1_3&#8243; _builder_version=&#8221;4.24.3&#8243; _module_preset=&#8221;default&#8221; global_colors_info=&#8221;{}&#8221;][et_pb_text _builder_version=&#8221;4.24.3&#8243; _module_preset=&#8221;default&#8221; global_colors_info=&#8221;{}&#8221;]<\/p>\n<h2>L\u2019evento si \u00e8 tenuto in simultanea in numerosi scali nazionali con un collegamento in diretta con Roma, per mettere in evidenza i principi fondamentali contenuti nel Manifesto degli Aeroporti Italiani, un documento che raccoglie le priorit\u00e0 del settore per una crescita sostenibile e responsabile.<\/h2>\n<p>[\/et_pb_text][\/et_pb_column][et_pb_column type=&#8221;2_3&#8243; _builder_version=&#8221;4.24.3&#8243; _module_preset=&#8221;default&#8221; global_colors_info=&#8221;{}&#8221;][et_pb_text _builder_version=&#8221;4.24.3&#8243; _module_preset=&#8221;default&#8221; global_colors_info=&#8221;{}&#8221;]<\/p>\n<p>I PILASTRI DEL MANIFESTO DEGLI AEROPORTI ITALIANI<\/p>\n<ul>\n<li>Al servizio dei passeggeri \u2013 Garantire mobilit\u00e0, accessibilit\u00e0 e inclusione per tutti, con particolare attenzione ai viaggiatori con disabilit\u00e0.<\/li>\n<li>Sviluppo e dialogo con le comunit\u00e0 locali \u2013 Collaborare con le istituzioni per la crescita economica, sociale e turistica del territorio.<\/li>\n<li>Inclusivit\u00e0 e benessere \u2013 Promuovere pari opportunit\u00e0 e migliorare la qualit\u00e0 del lavoro negli scali aeroportuali.<\/li>\n<li>Sostenibilit\u00e0 ambientale \u2013 Investire in energie rinnovabili, economia circolare e soluzioni a basso impatto ecologico.<\/li>\n<li>Innovazione tecnologica \u2013 Puntare su infrastrutture all\u2019avanguardia per garantire efficienza e sicurezza.<\/li>\n<\/ul>\n<p>[\/et_pb_text][\/et_pb_column][\/et_pb_row][\/et_pb_section][et_pb_section fb_built=&#8221;1&#8243; _builder_version=&#8221;4.24.3&#8243; _module_preset=&#8221;default&#8221; background_color=&#8221;RGBA(255,255,255,0)&#8221; custom_padding=&#8221;17px||27px|||&#8221; global_colors_info=&#8221;{}&#8221;][et_pb_row admin_label=&#8221;row&#8221; _builder_version=&#8221;4.24.3&#8243; background_enable_color=&#8221;off&#8221; background_size=&#8221;initial&#8221; background_position=&#8221;top_left&#8221; background_repeat=&#8221;repeat&#8221; global_colors_info=&#8221;{}&#8221;][et_pb_column type=&#8221;4_4&#8243; _builder_version=&#8221;4.16&#8243; custom_padding=&#8221;|||&#8221; global_colors_info=&#8221;{}&#8221; custom_padding__hover=&#8221;|||&#8221;][et_pb_text _builder_version=&#8221;4.24.3&#8243; _module_preset=&#8221;default&#8221; custom_margin=&#8221;0px||0px|20px|true|false&#8221; custom_padding=&#8221;||15px|||&#8221; global_colors_info=&#8221;{}&#8221;]<\/p>\n<h3 style=\"text-align: center;\">Il ruolo di Flying Angels<\/h3>\n<p>[\/et_pb_text][et_pb_text _builder_version=&#8221;4.24.3&#8243; _module_preset=&#8221;default&#8221; custom_margin=&#8221;0px||0px|20px|true|false&#8221; custom_padding=&#8221;||20px|||&#8221; global_colors_info=&#8221;{}&#8221;]<\/p>\n<p>Nata a Genova nel 2012, <b>Flying Angels Foundation <\/b>\u00e8 l\u2019unica organizzazione non profit specializzata nel <b>trasferimento aereo di bambine e bambini gravemente malati che necessitano di cure salvavita non<span class=\"Apple-converted-space\">\u00a0<\/span><\/b><b>disponibili nei loro paesi di origine<\/b>: acquista per loro e per i loro familiari i biglietti aerei necessari a raggiungere rapidamente le strutture ospedaliere pi\u00f9 adeguate oppure finanzia il volo di equipe mediche specializzate che possano risolvere pi\u00f9 casi assieme direttamente in loco, mentre per le situazioni cliniche pi\u00f9 gravi, organizza aeroambulanze con personale sanitario dedicati per assistere i piccoli in volo. In questo sistema, <strong>l\u2019aeroporto \u00e8 cruciale<\/strong>: per questo dal 2022 \u00e8 attivo, anche a Genova, il <strong>progetto \u201cAngeli Custodi\u201d<\/strong>, con l\u2019obiettivo di offrire assistenza in aeroporto ai bimbi gravemente malati e alle loro famiglie, che grazie ai voli finanziati da Flying Angels Foundation arrivano in Italia da tutto il mondo per essere curati.<span class=\"Apple-converted-space\">\u00a0<\/span><\/p>\n<p>[\/et_pb_text][et_pb_text _builder_version=&#8221;4.24.3&#8243; _module_preset=&#8221;default&#8221; custom_margin=&#8221;0px||0px|20px|true|false&#8221; global_colors_info=&#8221;{}&#8221;]<\/p>\n<h5>Vittorio Doria Lamba, vicepresidente di Flying Angels, ha dichiarato:<\/h5>\n<p>[\/et_pb_text][\/et_pb_column][\/et_pb_row][et_pb_row _builder_version=&#8221;4.24.3&#8243; _module_preset=&#8221;default&#8221; custom_padding=&#8221;||10px|||&#8221; global_colors_info=&#8221;{}&#8221;][et_pb_column type=&#8221;4_4&#8243; _builder_version=&#8221;4.24.3&#8243; _module_preset=&#8221;default&#8221; global_colors_info=&#8221;{}&#8221;][et_pb_blurb use_icon=&#8221;on&#8221; font_icon=&#8221;&#xf10d;||fa||900&#8243; icon_placement=&#8221;left&#8221; _builder_version=&#8221;4.24.3&#8243; _module_preset=&#8221;default&#8221; global_colors_info=&#8221;{}&#8221;]<\/p>\n<p><i>Partecipare a questo Airport Day a Genova, nostra casa e citt\u00e0 natale, ha per noi un significato particolare. Sin dall\u2019inizio, Genova ha avuto un ruolo fondamentale nella costruzione del nostro progetto sociale, unico al mondo, grazie all\u2019eccellenza dell\u2019Ospedale Pediatrico Giannina Gaslini e al supporto dell\u2019Aeroporto Cristoforo Colombo, il primo a collaborare con noi e che, insieme alla rete di Assaeroporti, ci \u00e8 sempre stato accanto in modo concreto<\/i>. <i>Dal 2012 ad oggi, abbiamo aiutato oltre 3.100 bambini provenienti da pi\u00f9 di 90 Paesi, finanziando circa 6.000 biglietti aerei per loro e le loro famiglie. Oltre 250 di questi piccoli pazienti sono stati curati al Gaslini: 112 di loro sono atterrati all\u2019Aeroporto di Genova. 10 le aeroambulanze finanziate da Flying Angels arrivate nello scalo genovese. Risultati straordinari, resi possibili grazie al sostegno di tanti donatori e alla rete di solidariet\u00e0 che vede nell\u2019Istituto Giannina Gaslini e nell\u2019Aeroporto di Genova due nodi fondamentali. Una collaborazione che dimostra come competenze, risorse e impegno possano trasformare un viaggio in una concreta possibilit\u00e0 di vita<span class=\"Apple-converted-space\">\u00a0<\/span><\/i><\/p>\n<p>[\/et_pb_blurb][et_pb_text _builder_version=&#8221;4.24.3&#8243; _module_preset=&#8221;default&#8221; global_colors_info=&#8221;{}&#8221;]<\/p>\n<p>Il video del discorso di Vittorio Doria Lamba e il tavolo dei relatori con Enrico Musso \u2013 Presidente di Aeroporto di Genova S.p.A. \u2022 Vittorio Doria Lamba \u2013 Vicepresidente di Flying Angels \u2022 Renato Botti \u2013 Direttore Generale dell\u2019Ospedale Gaslini \u2022 Andrea Moscatelli \u2013 Direttore del Dipartimento Emergenza e Accettazione \u2022 Stefano Balleari \u2013 Presidente del Consiglio Regionale<span class=\"Apple-converted-space\">\u00a0<\/span><\/p>\n<p>[\/et_pb_text][\/et_pb_column][\/et_pb_row][et_pb_row column_structure=&#8221;1_2,1_2&#8243; _builder_version=&#8221;4.24.3&#8243; _module_preset=&#8221;default&#8221; custom_padding=&#8221;13px|||||&#8221; global_colors_info=&#8221;{}&#8221;][et_pb_column type=&#8221;1_2&#8243; _builder_version=&#8221;4.24.3&#8243; _module_preset=&#8221;default&#8221; global_colors_info=&#8221;{}&#8221;][et_pb_video src=&#8221;https:\/\/www.flyingangelsfoundation.org\/wp-content\/uploads\/2025\/02\/Lintervento-di-Vittorio-Doria-Laba-allAirport-Day.mp4&#8243; _builder_version=&#8221;4.24.3&#8243; _module_preset=&#8221;default&#8221; global_colors_info=&#8221;{}&#8221;][\/et_pb_video][\/et_pb_column][et_pb_column type=&#8221;1_2&#8243; _builder_version=&#8221;4.24.3&#8243; _module_preset=&#8221;default&#8221; global_colors_info=&#8221;{}&#8221;][et_pb_image src=&#8221;https:\/\/www.flyingangelsfoundation.org\/wp-content\/uploads\/2025\/02\/I-relatori-e1738763293901.jpg&#8221; title_text=&#8221;I relatori&#8221; _builder_version=&#8221;4.24.3&#8243; _module_preset=&#8221;default&#8221; global_colors_info=&#8221;{}&#8221;][\/et_pb_image][\/et_pb_column][\/et_pb_row][et_pb_row admin_label=&#8221;row&#8221; _builder_version=&#8221;4.24.3&#8243; background_enable_color=&#8221;off&#8221; background_size=&#8221;initial&#8221; background_position=&#8221;top_left&#8221; background_repeat=&#8221;repeat&#8221; global_colors_info=&#8221;{}&#8221;][et_pb_column type=&#8221;4_4&#8243; _builder_version=&#8221;4.16&#8243; custom_padding=&#8221;|||&#8221; global_colors_info=&#8221;{}&#8221; custom_padding__hover=&#8221;|||&#8221;][et_pb_text _builder_version=&#8221;4.24.3&#8243; _module_preset=&#8221;default&#8221; custom_margin=&#8221;0px||0px|20px|true|false&#8221; custom_padding=&#8221;||15px|||&#8221; global_colors_info=&#8221;{}&#8221;]<\/p>\n<h3 style=\"text-align: center;\">Il ruolo dell&#8217;Istituto Gaslini<\/h3>\n<p>[\/et_pb_text][et_pb_text _builder_version=&#8221;4.24.3&#8243; _module_preset=&#8221;default&#8221; custom_margin=&#8221;0px||0px|20px|true|false&#8221; custom_padding=&#8221;||20px|||&#8221; global_colors_info=&#8221;{}&#8221;]<\/p>\n<p>L\u2019IRCCS Istituto Giannina Gaslini \u00e8 policlinico pediatrico tra i pi\u00f9 grandi ed importanti d\u2019Europa, uno dei pochi ospedali italiani interamente dedicati alla cura dei bambini. Specializzato in alta complessit\u00e0 di cura, patologie invalidanti, malattie rare e croniche, prende in cura il bambino dal concepimento alla maggiore et\u00e0. Con <b>434 posti letto, 26 mila ricoveri e circa 700 mila prestazioni ambulatoriali l\u2019anno<\/b>, 20 edifici interconnessi, <b>oltre 2000 addetti<\/b>, l\u2019Istituto, da 87 anni, \u00e8 un punto di riferimento nazionale e internazionale della moderna pediatria e medicina perinatale.<span class=\"Apple-converted-space\">\u00a0<\/span><\/p>\n<p><b>Il Gaslini opera in un territorio, la Liguria, caratterizzato da una demografia con una forte percentuale di anziani ed una bassissima natalit\u00e0<\/b>. Questo fatto ha storicamente stimolato la vocazione nazionale e internazionale dell\u2019Ospedale che, infatti conta circa il <b>40% delle provenienze extra regionali e circa 200 pazienti che arrivano da 65 Paesi del mondo.<span class=\"Apple-converted-space\">\u00a0<\/span><\/b><\/p>\n<p>Da anni l\u2019Istituto Gaslini lavora in sinergia con l\u2019Aeroporto di Genova per accogliere e curare bambini provenienti da tutto il mondo. Questo impegno \u00e8 reso possibile anche grazie al supporto di realt\u00e0 come Flying Angels, Abeo e Il Sogno di Tommi, che coadiuvano i trasferimenti dei piccoli pazienti, garantendo viaggi sicuri, sia in aereo che via terra, dal loro Paese d\u2019origine fino al Gaslini.<span class=\"Apple-converted-space\">\u00a0<\/span><\/p>\n<p>[\/et_pb_text][et_pb_text _builder_version=&#8221;4.24.3&#8243; _module_preset=&#8221;default&#8221; custom_margin=&#8221;0px||0px|20px|true|false&#8221; global_colors_info=&#8221;{}&#8221;]<\/p>\n<h5>Renato Botti, direttore generale dell\u2019Istituto Giannina Gaslini, ha commentato:<\/h5>\n<p>[\/et_pb_text][\/et_pb_column][\/et_pb_row][et_pb_row _builder_version=&#8221;4.24.3&#8243; _module_preset=&#8221;default&#8221; global_colors_info=&#8221;{}&#8221;][et_pb_column type=&#8221;4_4&#8243; _builder_version=&#8221;4.24.3&#8243; _module_preset=&#8221;default&#8221; global_colors_info=&#8221;{}&#8221;][et_pb_blurb use_icon=&#8221;on&#8221; font_icon=&#8221;&#xf10d;||fa||900&#8243; icon_placement=&#8221;left&#8221; _builder_version=&#8221;4.24.3&#8243; _module_preset=&#8221;default&#8221; global_colors_info=&#8221;{}&#8221;]<\/p>\n<p><i>Garantire ai bambini l\u2019accesso tempestivo alle cure specialistiche pu\u00f2 fare la differenza in termini di sopravvivenza e qualit\u00e0 della vita. Grazie alla sinergia che abbiamo instaurato con <strong>l\u2019Aeroporto di Genova e Flying Angels<\/strong> (e associazioni come Abeo e Il Sogno di Tommi, che supportano gli spostamenti via terra in Liguria), in questi anni abbiamo accolto tantissimi pazienti da ogni parte del mondo. Tra questi, grazie a Flying Angels, dal 2012 siamo stati in grado di curare 254 bambini provenienti dall\u2019estero, dei quali 112 sono atterrati all\u2019Aeroporto di Genova, offrendo loro una speranza concreta di sopravvivenza. Questa collaborazione \u00e8 un esempio di <strong>come la rete di solidariet\u00e0 possa abbattere le distanze<\/strong>. <strong>Ogni volo \u00e8 una possibilit\u00e0 di vita<\/strong>, e al Gaslini ci impegniamo ogni giorno affinch\u00e9 nessuna di queste opportunit\u00e0 venga sprecata.<\/i><\/p>\n<p>[\/et_pb_blurb][\/et_pb_column][\/et_pb_row][et_pb_row admin_label=&#8221;row&#8221; _builder_version=&#8221;4.24.3&#8243; background_enable_color=&#8221;off&#8221; background_size=&#8221;initial&#8221; background_position=&#8221;top_left&#8221; background_repeat=&#8221;repeat&#8221; global_colors_info=&#8221;{}&#8221;][et_pb_column type=&#8221;4_4&#8243; _builder_version=&#8221;4.16&#8243; custom_padding=&#8221;|||&#8221; global_colors_info=&#8221;{}&#8221; custom_padding__hover=&#8221;|||&#8221;][et_pb_text _builder_version=&#8221;4.24.3&#8243; _module_preset=&#8221;default&#8221; custom_margin=&#8221;0px||0px|20px|true|false&#8221; global_colors_info=&#8221;{}&#8221;]<\/p>\n<h5>Andrea Moscatelli, responsabile del Dipartimento Emergenza e Accettazione e della Terapia Intensiva e Semintensiva del Gaslini, ha aggiunto:<span class=\"Apple-converted-space\">\u00a0<\/span><\/h5>\n<p>[\/et_pb_text][\/et_pb_column][\/et_pb_row][et_pb_row _builder_version=&#8221;4.24.3&#8243; _module_preset=&#8221;default&#8221; global_colors_info=&#8221;{}&#8221;][et_pb_column type=&#8221;4_4&#8243; _builder_version=&#8221;4.24.3&#8243; _module_preset=&#8221;default&#8221; global_colors_info=&#8221;{}&#8221;][et_pb_blurb use_icon=&#8221;on&#8221; font_icon=&#8221;&#xf10d;||fa||900&#8243; icon_placement=&#8221;left&#8221; _builder_version=&#8221;4.24.3&#8243; _module_preset=&#8221;default&#8221; global_colors_info=&#8221;{}&#8221;]<\/p>\n<p><i>Il Team del <\/i><b>Centro Trasporto paziente critico <\/b><i>\u00e8 dotato di tutti i materiali per poter stabilizzare il paziente presso il centro inviante e trasportarlo al Gaslini, garantendo standard assistenziali uguali o superiori rispetto a quelli in atto presso l\u2019ospedale di provenienza. Il trasporto sanitario aereo di pazienti pediatrici critici richiede un coordinamento meticoloso tra le equipe mediche del Gaslini e le realt\u00e0 coinvolte. <\/i><b><i>La collaborazione con l\u2019Aeroporto di Genova \u00e8 essenziale <\/i><\/b><i>per garantire che le ambulanze siano coordinate con l\u2019arrivo dei voli, che il supporto tecnico per lo sbarco dei piccoli pazienti sia efficiente e che, in situazioni di emergenza, l\u2019aeroporto possa estendere le proprie operazioni oltre l\u2019orario. <\/i><b><i>Il ruolo di Flying Angels Foundation \u00e8 cruciale nelle fasi di preparazione del volo e all\u2019arrivo<\/i><\/b><i>: non solo finanzia i voli necessari, ma fornisce anche supporto logistico e assistenza nelle pratiche burocratiche, assicurando che i pazienti raggiungano rapidamente le strutture sanitarie adeguate. Questa sinergia ci ha permesso di realizzare interventi tempestivi e salvare bambini provenienti, tra i tanti, dalle zone colpite dalla guerra in Ucraina, dalla Tunisia, Senegal e tantissime altre Nazioni<span class=\"Apple-converted-space\">\u00a0<\/span><\/i><\/p>\n<p>[\/et_pb_blurb][\/et_pb_column][\/et_pb_row][\/et_pb_section][et_pb_section fb_built=&#8221;1&#8243; _builder_version=&#8221;4.24.3&#8243; _module_preset=&#8221;default&#8221; background_color=&#8221;#00ADEF&#8221; custom_padding=&#8221;33px||21px|||&#8221; global_colors_info=&#8221;{}&#8221;][et_pb_row admin_label=&#8221;row&#8221; _builder_version=&#8221;4.24.3&#8243; background_enable_color=&#8221;off&#8221; background_size=&#8221;initial&#8221; background_position=&#8221;top_left&#8221; background_repeat=&#8221;repeat&#8221; custom_padding=&#8221;||6px|||&#8221; global_colors_info=&#8221;{}&#8221;][et_pb_column type=&#8221;4_4&#8243; _builder_version=&#8221;4.16&#8243; custom_padding=&#8221;|||&#8221; global_colors_info=&#8221;{}&#8221; custom_padding__hover=&#8221;|||&#8221;][et_pb_text _builder_version=&#8221;4.24.3&#8243; _module_preset=&#8221;default&#8221; background_layout=&#8221;dark&#8221; custom_margin=&#8221;0px||0px|20px|true|false&#8221; custom_padding=&#8221;||20px|||&#8221; global_colors_info=&#8221;{}&#8221;]<\/p>\n<h4>L\u2019evento <b>Airport Day 2025 <\/b>rappresenta una grande opportunit\u00e0 per dimostrare che il trasporto aereo non \u00e8 solo un motore economico, ma anche un ponte per la solidariet\u00e0 e il diritto alla salute. L\u2019Aeroporto di Genova, la Regione Liguria, insieme a Flying Angels e all\u2019Ospedale Pediatrico Giannina Gaslini, sono in prima linea per fare la differenza nella vita di tanti bambini e delle loro famiglie.<span class=\"Apple-converted-space\">\u00a0<\/span><\/h4>\n<p>[\/et_pb_text][\/et_pb_column][\/et_pb_row][\/et_pb_section][et_pb_section fb_built=&#8221;1&#8243; _builder_version=&#8221;4.24.3&#8243; _module_preset=&#8221;default&#8221; custom_padding=&#8221;7px||6px|||&#8221; hover_enabled=&#8221;0&#8243; global_colors_info=&#8221;{}&#8221; sticky_enabled=&#8221;0&#8243; background_enable_color=&#8221;off&#8221;][et_pb_row _builder_version=&#8221;4.24.3&#8243; _module_preset=&#8221;default&#8221; global_colors_info=&#8221;{}&#8221;][et_pb_column type=&#8221;4_4&#8243; _builder_version=&#8221;4.24.3&#8243; _module_preset=&#8221;default&#8221; global_colors_info=&#8221;{}&#8221;][et_pb_text _builder_version=&#8221;4.24.3&#8243; _module_preset=&#8221;default&#8221; hover_enabled=&#8221;0&#8243; global_colors_info=&#8221;{}&#8221; sticky_enabled=&#8221;0&#8243;]<\/p>\n<h2 style=\"text-align: center;\">Rassegna stampa<\/h2>\n<p>[\/et_pb_text][\/et_pb_column][\/et_pb_row][et_pb_row _builder_version=&#8221;4.24.3&#8243; _module_preset=&#8221;default&#8221; global_colors_info=&#8221;{}&#8221;][et_pb_column type=&#8221;4_4&#8243; _builder_version=&#8221;4.24.3&#8243; _module_preset=&#8221;default&#8221; global_colors_info=&#8221;{}&#8221;][et_pb_text _builder_version=&#8221;4.24.3&#8243; _module_preset=&#8221;default&#8221; hover_enabled=&#8221;0&#8243; global_colors_info=&#8221;{}&#8221; sticky_enabled=&#8221;0&#8243;]<\/p>\n<p style=\"text-align: center;\"><a href=\"https:\/\/www.ansa.it\/liguria\/notizie\/2025\/02\/05\/gaslini-e-aeroporto-genova-scalo-importante-anche-per-i-malati_d845ae5e-dcb2-4d0a-9673-625cd6192015.html\" target=\"_blank\" rel=\"noopener\">Ansa<\/a>, <a href=\"https:\/\/www.rainews.it\/tgr\/liguria\/video\/2025\/02\/aeroporto-cristoforo-colombo-genova-flying-angels-ospedale-gaslini--cd50954e-cbbe-4b35-b2a9-8b7d3e473a0a.html\" target=\"_blank\" rel=\"noopener\">RaiNews<\/a>, <a href=\"https:\/\/www.babboleo.it\/attualita\/airport-day-il-cristoforo-colombo-celebra-il-progetto-in-volo-per-la-vita-in-collaborazione-con-gaslini-e-flying-angels\/\" target=\"_blank\" rel=\"noopener\">Babboleo.it<\/a>,\u00a0<a href=\"https:\/\/www.genova24.it\/2025\/02\/in-volo-per-la-vita-nellairport-day-il-cristoforo-colombo-celebra-la-collaborazione-con-gaslini-e-flying-angels-415150\/\" target=\"_blank\" rel=\"noopener\">Genova24<\/a>, <a href=\"https:\/\/www.ilsecoloxix.it\/genova\/2025\/02\/05\/news\/aeroporto_gaslini_flying_angels_sodalizio_trasporti_sanitari_umanitari-14984206\/\" target=\"_blank\" rel=\"noopener\">Il Secolo XIX<\/a>, <a href=\"https:\/\/www.liguria24.it\/2025\/02\/05\/in-volo-per-la-vita-nellairport-day-il-cristoforo-colombo-celebra-la-collaborazione-con-gaslini-e-flying-angels\/774264\/\" target=\"_blank\" rel=\"noopener\">Liguria24<\/a>, <a href=\"https:\/\/www.msn.com\/it-it\/notizie\/italia\/gaslini-e-aeroporto-genova-scalo-importante-anche-per-i-malati\/ar-AA1yt01j\" target=\"_blank\" rel=\"noopener\">MSN.com<\/a>, <a href=\"https:\/\/www.gaeta.it\/limportanza-degli-aeroporti-genova-e-il-supporto-umanitario-per-i-bambini\" target=\"_blank\" rel=\"noopener\">Gaeta.it<\/a>, <a href=\"https:\/\/www.ship2shore.it\/it\/la-solidarieta-mette-le-ali-e-prende-quota-dallaeroporto-di-genova\" target=\"_blank\" rel=\"noopener\">Ship2Shore<\/a>, <a href=\"https:\/\/telenord.it\/aeroporto-di-genova-e-gaslini-un-ponte-aereo-per-salvare-vite-in-13-anni-aiutati-3-100-bambini-84165\" target=\"_blank\" rel=\"noopener\">Telenord.it<\/a>, <a href=\"https:\/\/liguria.bizjournal.it\/2025\/02\/06\/airport-day-2025-laeroporto-di-genova-lo-celebra-con-flying-angels-e-ospedale-gaslini\/\" target=\"_blank\" rel=\"noopener\">BizJournal.it<\/a><\/p>\n<ul><\/ul>\n<p>[\/et_pb_text][\/et_pb_column][\/et_pb_row][\/et_pb_section]<\/p>","protected":false},"excerpt":{"rendered":"<p>&#8220;In volo per la Vita: Aeroporto di Genova e Flying Angels uniti per i Bambini del Gaslini&#8221; In occasione dell&#8217;Airport Day, il Genova City Airport ha deciso di dedicare il suo focus alla collaborazione con Flying Angels Foundation per il diritto alla cura e alla salute di tutti i bambini del mondo.<\/p>","protected":false},"author":35,"featured_media":83993,"comment_status":"closed","ping_status":"closed","sticky":false,"template":"","format":"standard","meta":{"_et_pb_use_builder":"on","_et_pb_old_content":"","_et_gb_content_width":"","footnotes":""},"categories":[13,12],"tags":[],"class_list":["post-83981","post","type-post","status-publish","format-standard","has-post-thumbnail","hentry","category-eventi","category-news"],"yoast_head":"<!-- This site is optimized with the Yoast SEO plugin v27.5 - https:\/\/yoast.com\/product\/yoast-seo-wordpress\/ -->\n<title>In Volo per la Vita con Aeroporto di Genova e Gaslini - Flying Angels Foundation ETS<\/title>\n<meta name=\"description\" content=\"In occasione dell&#039;Airport Day, il Genova City Airport ha deciso di dedicare il suo focus al progetto &quot;In volo per la Vita&quot;\" \/>\n<meta name=\"robots\" content=\"index, follow, max-snippet:-1, max-image-preview:large, max-video-preview:-1\" \/>\n<link rel=\"canonical\" href=\"https:\/\/www.flyingangelsfoundation.org\/en\/news\/in-volo-per-la-vita-con-aeroporto-di-genova-e-gaslini\/\" \/>\n<meta property=\"og:locale\" content=\"en_GB\" \/>\n<meta property=\"og:type\" content=\"article\" \/>\n<meta property=\"og:title\" content=\"In Volo per la Vita con Aeroporto di Genova e Gaslini - Flying Angels Foundation ETS\" \/>\n<meta property=\"og:description\" content=\"In occasione dell&#039;Airport Day, il Genova City Airport ha deciso di dedicare il suo focus al progetto &quot;In volo per la Vita&quot;\" \/>\n<meta property=\"og:url\" content=\"https:\/\/www.flyingangelsfoundation.org\/en\/news\/in-volo-per-la-vita-con-aeroporto-di-genova-e-gaslini\/\" \/>\n<meta property=\"og:site_name\" content=\"Flying Angels Foundation ETS\" \/>\n<meta property=\"article:published_time\" content=\"2025-02-05T13:52:20+00:00\" \/>\n<meta property=\"article:modified_time\" content=\"2025-02-07T09:33:09+00:00\" \/>\n<meta property=\"og:image\" content=\"https:\/\/www.flyingangelsfoundation.org\/wp-content\/uploads\/2025\/02\/I-relatori-e1738763293901.jpg\" \/>\n\t<meta property=\"og:image:width\" content=\"1920\" \/>\n\t<meta property=\"og:image:height\" content=\"1081\" \/>\n\t<meta property=\"og:image:type\" content=\"image\/jpeg\" \/>\n<meta name=\"author\" content=\"Marta Prisco\" \/>\n<meta name=\"twitter:card\" content=\"summary_large_image\" \/>\n<meta name=\"twitter:label1\" content=\"Written by\" \/>\n\t<meta name=\"twitter:data1\" content=\"Marta Prisco\" \/>\n\t<meta name=\"twitter:label2\" content=\"Estimated reading time\" \/>\n\t<meta name=\"twitter:data2\" content=\"8 minutes\" \/>\n<script type=\"application\/ld+json\" class=\"yoast-schema-graph\">{\"@context\":\"https:\\\/\\\/schema.org\",\"@graph\":[{\"@type\":\"Article\",\"@id\":\"https:\\\/\\\/www.flyingangelsfoundation.org\\\/news\\\/in-volo-per-la-vita-con-aeroporto-di-genova-e-gaslini\\\/#article\",\"isPartOf\":{\"@id\":\"https:\\\/\\\/www.flyingangelsfoundation.org\\\/news\\\/in-volo-per-la-vita-con-aeroporto-di-genova-e-gaslini\\\/\"},\"author\":{\"name\":\"Marta Prisco\",\"@id\":\"https:\\\/\\\/www.flyingangelsfoundation.org\\\/#\\\/schema\\\/person\\\/45c0807b7edc98d5b3df6d74a8d57333\"},\"headline\":\"In Volo per la Vita con Aeroporto di Genova e Gaslini\",\"datePublished\":\"2025-02-05T13:52:20+00:00\",\"dateModified\":\"2025-02-07T09:33:09+00:00\",\"mainEntityOfPage\":{\"@id\":\"https:\\\/\\\/www.flyingangelsfoundation.org\\\/news\\\/in-volo-per-la-vita-con-aeroporto-di-genova-e-gaslini\\\/\"},\"wordCount\":2295,\"publisher\":{\"@id\":\"https:\\\/\\\/www.flyingangelsfoundation.org\\\/#organization\"},\"image\":{\"@id\":\"https:\\\/\\\/www.flyingangelsfoundation.org\\\/news\\\/in-volo-per-la-vita-con-aeroporto-di-genova-e-gaslini\\\/#primaryimage\"},\"thumbnailUrl\":\"https:\\\/\\\/www.flyingangelsfoundation.org\\\/wp-content\\\/uploads\\\/2025\\\/02\\\/I-relatori-e1738763293901.jpg\",\"articleSection\":[\"Eventi\",\"News\"],\"inLanguage\":\"en-GB\"},{\"@type\":\"WebPage\",\"@id\":\"https:\\\/\\\/www.flyingangelsfoundation.org\\\/news\\\/in-volo-per-la-vita-con-aeroporto-di-genova-e-gaslini\\\/\",\"url\":\"https:\\\/\\\/www.flyingangelsfoundation.org\\\/news\\\/in-volo-per-la-vita-con-aeroporto-di-genova-e-gaslini\\\/\",\"name\":\"In Volo per la Vita con Aeroporto di Genova e Gaslini - Flying Angels Foundation ETS\",\"isPartOf\":{\"@id\":\"https:\\\/\\\/www.flyingangelsfoundation.org\\\/#website\"},\"primaryImageOfPage\":{\"@id\":\"https:\\\/\\\/www.flyingangelsfoundation.org\\\/news\\\/in-volo-per-la-vita-con-aeroporto-di-genova-e-gaslini\\\/#primaryimage\"},\"image\":{\"@id\":\"https:\\\/\\\/www.flyingangelsfoundation.org\\\/news\\\/in-volo-per-la-vita-con-aeroporto-di-genova-e-gaslini\\\/#primaryimage\"},\"thumbnailUrl\":\"https:\\\/\\\/www.flyingangelsfoundation.org\\\/wp-content\\\/uploads\\\/2025\\\/02\\\/I-relatori-e1738763293901.jpg\",\"datePublished\":\"2025-02-05T13:52:20+00:00\",\"dateModified\":\"2025-02-07T09:33:09+00:00\",\"description\":\"In occasione dell'Airport Day, il Genova City Airport ha deciso di dedicare il suo focus al progetto \\\"In volo per la Vita\\\"\",\"breadcrumb\":{\"@id\":\"https:\\\/\\\/www.flyingangelsfoundation.org\\\/news\\\/in-volo-per-la-vita-con-aeroporto-di-genova-e-gaslini\\\/#breadcrumb\"},\"inLanguage\":\"en-GB\",\"potentialAction\":[{\"@type\":\"ReadAction\",\"target\":[\"https:\\\/\\\/www.flyingangelsfoundation.org\\\/news\\\/in-volo-per-la-vita-con-aeroporto-di-genova-e-gaslini\\\/\"]}]},{\"@type\":\"ImageObject\",\"inLanguage\":\"en-GB\",\"@id\":\"https:\\\/\\\/www.flyingangelsfoundation.org\\\/news\\\/in-volo-per-la-vita-con-aeroporto-di-genova-e-gaslini\\\/#primaryimage\",\"url\":\"https:\\\/\\\/www.flyingangelsfoundation.org\\\/wp-content\\\/uploads\\\/2025\\\/02\\\/I-relatori-e1738763293901.jpg\",\"contentUrl\":\"https:\\\/\\\/www.flyingangelsfoundation.org\\\/wp-content\\\/uploads\\\/2025\\\/02\\\/I-relatori-e1738763293901.jpg\",\"width\":1920,\"height\":1081},{\"@type\":\"BreadcrumbList\",\"@id\":\"https:\\\/\\\/www.flyingangelsfoundation.org\\\/news\\\/in-volo-per-la-vita-con-aeroporto-di-genova-e-gaslini\\\/#breadcrumb\",\"itemListElement\":[{\"@type\":\"ListItem\",\"position\":1,\"name\":\"Home\",\"item\":\"https:\\\/\\\/www.flyingangelsfoundation.org\\\/\"},{\"@type\":\"ListItem\",\"position\":2,\"name\":\"In Volo per la Vita con Aeroporto di Genova e Gaslini\"}]},{\"@type\":\"WebSite\",\"@id\":\"https:\\\/\\\/www.flyingangelsfoundation.org\\\/#website\",\"url\":\"https:\\\/\\\/www.flyingangelsfoundation.org\\\/\",\"name\":\"Flying Angels Foundation ETS\",\"description\":\"abbiamo bisogno di te per farli volare\",\"publisher\":{\"@id\":\"https:\\\/\\\/www.flyingangelsfoundation.org\\\/#organization\"},\"potentialAction\":[{\"@type\":\"SearchAction\",\"target\":{\"@type\":\"EntryPoint\",\"urlTemplate\":\"https:\\\/\\\/www.flyingangelsfoundation.org\\\/?s={search_term_string}\"},\"query-input\":{\"@type\":\"PropertyValueSpecification\",\"valueRequired\":true,\"valueName\":\"search_term_string\"}}],\"inLanguage\":\"en-GB\"},{\"@type\":\"Organization\",\"@id\":\"https:\\\/\\\/www.flyingangelsfoundation.org\\\/#organization\",\"name\":\"Flying Angels Foundation\",\"url\":\"https:\\\/\\\/www.flyingangelsfoundation.org\\\/\",\"logo\":{\"@type\":\"ImageObject\",\"inLanguage\":\"en-GB\",\"@id\":\"https:\\\/\\\/www.flyingangelsfoundation.org\\\/#\\\/schema\\\/logo\\\/image\\\/\",\"url\":\"https:\\\/\\\/www.flyingangelsfoundation.org\\\/wp-content\\\/uploads\\\/2019\\\/11\\\/logo-flyingangels-1.png\",\"contentUrl\":\"https:\\\/\\\/www.flyingangelsfoundation.org\\\/wp-content\\\/uploads\\\/2019\\\/11\\\/logo-flyingangels-1.png\",\"width\":394,\"height\":87,\"caption\":\"Flying Angels Foundation\"},\"image\":{\"@id\":\"https:\\\/\\\/www.flyingangelsfoundation.org\\\/#\\\/schema\\\/logo\\\/image\\\/\"}},{\"@type\":\"Person\",\"@id\":\"https:\\\/\\\/www.flyingangelsfoundation.org\\\/#\\\/schema\\\/person\\\/45c0807b7edc98d5b3df6d74a8d57333\",\"name\":\"Marta Prisco\",\"image\":{\"@type\":\"ImageObject\",\"inLanguage\":\"en-GB\",\"@id\":\"https:\\\/\\\/secure.gravatar.com\\\/avatar\\\/b49ad5b8ad2b966a43808c016da12481d94f182c2784f309aebdb6327af8e595?s=96&d=mm&r=g\",\"url\":\"https:\\\/\\\/secure.gravatar.com\\\/avatar\\\/b49ad5b8ad2b966a43808c016da12481d94f182c2784f309aebdb6327af8e595?s=96&d=mm&r=g\",\"contentUrl\":\"https:\\\/\\\/secure.gravatar.com\\\/avatar\\\/b49ad5b8ad2b966a43808c016da12481d94f182c2784f309aebdb6327af8e595?s=96&d=mm&r=g\",\"caption\":\"Marta Prisco\"}}]}<\/script>\n<!-- \/ Yoast SEO plugin. -->","yoast_head_json":{"title":"In Volo per la Vita con Aeroporto di Genova e Gaslini - Flying Angels Foundation ETS","description":"In occasione dell'Airport Day, il Genova City Airport ha deciso di dedicare il suo focus al progetto \"In volo per la Vita\"","robots":{"index":"index","follow":"follow","max-snippet":"max-snippet:-1","max-image-preview":"max-image-preview:large","max-video-preview":"max-video-preview:-1"},"canonical":"https:\/\/www.flyingangelsfoundation.org\/en\/news\/in-volo-per-la-vita-con-aeroporto-di-genova-e-gaslini\/","og_locale":"en_GB","og_type":"article","og_title":"In Volo per la Vita con Aeroporto di Genova e Gaslini - Flying Angels Foundation ETS","og_description":"In occasione dell'Airport Day, il Genova City Airport ha deciso di dedicare il suo focus al progetto \"In volo per la Vita\"","og_url":"https:\/\/www.flyingangelsfoundation.org\/en\/news\/in-volo-per-la-vita-con-aeroporto-di-genova-e-gaslini\/","og_site_name":"Flying Angels Foundation ETS","article_published_time":"2025-02-05T13:52:20+00:00","article_modified_time":"2025-02-07T09:33:09+00:00","og_image":[{"width":1920,"height":1081,"url":"https:\/\/www.flyingangelsfoundation.org\/wp-content\/uploads\/2025\/02\/I-relatori-e1738763293901.jpg","type":"image\/jpeg"}],"author":"Marta Prisco","twitter_card":"summary_large_image","twitter_misc":{"Written by":"Marta Prisco","Estimated reading time":"8 minutes"},"schema":{"@context":"https:\/\/schema.org","@graph":[{"@type":"Article","@id":"https:\/\/www.flyingangelsfoundation.org\/news\/in-volo-per-la-vita-con-aeroporto-di-genova-e-gaslini\/#article","isPartOf":{"@id":"https:\/\/www.flyingangelsfoundation.org\/news\/in-volo-per-la-vita-con-aeroporto-di-genova-e-gaslini\/"},"author":{"name":"Marta Prisco","@id":"https:\/\/www.flyingangelsfoundation.org\/#\/schema\/person\/45c0807b7edc98d5b3df6d74a8d57333"},"headline":"In Volo per la Vita con Aeroporto di Genova e Gaslini","datePublished":"2025-02-05T13:52:20+00:00","dateModified":"2025-02-07T09:33:09+00:00","mainEntityOfPage":{"@id":"https:\/\/www.flyingangelsfoundation.org\/news\/in-volo-per-la-vita-con-aeroporto-di-genova-e-gaslini\/"},"wordCount":2295,"publisher":{"@id":"https:\/\/www.flyingangelsfoundation.org\/#organization"},"image":{"@id":"https:\/\/www.flyingangelsfoundation.org\/news\/in-volo-per-la-vita-con-aeroporto-di-genova-e-gaslini\/#primaryimage"},"thumbnailUrl":"https:\/\/www.flyingangelsfoundation.org\/wp-content\/uploads\/2025\/02\/I-relatori-e1738763293901.jpg","articleSection":["Eventi","News"],"inLanguage":"en-GB"},{"@type":"WebPage","@id":"https:\/\/www.flyingangelsfoundation.org\/news\/in-volo-per-la-vita-con-aeroporto-di-genova-e-gaslini\/","url":"https:\/\/www.flyingangelsfoundation.org\/news\/in-volo-per-la-vita-con-aeroporto-di-genova-e-gaslini\/","name":"In Volo per la Vita con Aeroporto di Genova e Gaslini - Flying Angels Foundation ETS","isPartOf":{"@id":"https:\/\/www.flyingangelsfoundation.org\/#website"},"primaryImageOfPage":{"@id":"https:\/\/www.flyingangelsfoundation.org\/news\/in-volo-per-la-vita-con-aeroporto-di-genova-e-gaslini\/#primaryimage"},"image":{"@id":"https:\/\/www.flyingangelsfoundation.org\/news\/in-volo-per-la-vita-con-aeroporto-di-genova-e-gaslini\/#primaryimage"},"thumbnailUrl":"https:\/\/www.flyingangelsfoundation.org\/wp-content\/uploads\/2025\/02\/I-relatori-e1738763293901.jpg","datePublished":"2025-02-05T13:52:20+00:00","dateModified":"2025-02-07T09:33:09+00:00","description":"In occasione dell'Airport Day, il Genova City Airport ha deciso di dedicare il suo focus al progetto \"In volo per la Vita\"","breadcrumb":{"@id":"https:\/\/www.flyingangelsfoundation.org\/news\/in-volo-per-la-vita-con-aeroporto-di-genova-e-gaslini\/#breadcrumb"},"inLanguage":"en-GB","potentialAction":[{"@type":"ReadAction","target":["https:\/\/www.flyingangelsfoundation.org\/news\/in-volo-per-la-vita-con-aeroporto-di-genova-e-gaslini\/"]}]},{"@type":"ImageObject","inLanguage":"en-GB","@id":"https:\/\/www.flyingangelsfoundation.org\/news\/in-volo-per-la-vita-con-aeroporto-di-genova-e-gaslini\/#primaryimage","url":"https:\/\/www.flyingangelsfoundation.org\/wp-content\/uploads\/2025\/02\/I-relatori-e1738763293901.jpg","contentUrl":"https:\/\/www.flyingangelsfoundation.org\/wp-content\/uploads\/2025\/02\/I-relatori-e1738763293901.jpg","width":1920,"height":1081},{"@type":"BreadcrumbList","@id":"https:\/\/www.flyingangelsfoundation.org\/news\/in-volo-per-la-vita-con-aeroporto-di-genova-e-gaslini\/#breadcrumb","itemListElement":[{"@type":"ListItem","position":1,"name":"Home","item":"https:\/\/www.flyingangelsfoundation.org\/"},{"@type":"ListItem","position":2,"name":"In Volo per la Vita con Aeroporto di Genova e Gaslini"}]},{"@type":"WebSite","@id":"https:\/\/www.flyingangelsfoundation.org\/#website","url":"https:\/\/www.flyingangelsfoundation.org\/","name":"Flying Angels Foundation ETS","description":"abbiamo bisogno di te per farli volare","publisher":{"@id":"https:\/\/www.flyingangelsfoundation.org\/#organization"},"potentialAction":[{"@type":"SearchAction","target":{"@type":"EntryPoint","urlTemplate":"https:\/\/www.flyingangelsfoundation.org\/?s={search_term_string}"},"query-input":{"@type":"PropertyValueSpecification","valueRequired":true,"valueName":"search_term_string"}}],"inLanguage":"en-GB"},{"@type":"Organization","@id":"https:\/\/www.flyingangelsfoundation.org\/#organization","name":"Flying Angels Foundation","url":"https:\/\/www.flyingangelsfoundation.org\/","logo":{"@type":"ImageObject","inLanguage":"en-GB","@id":"https:\/\/www.flyingangelsfoundation.org\/#\/schema\/logo\/image\/","url":"https:\/\/www.flyingangelsfoundation.org\/wp-content\/uploads\/2019\/11\/logo-flyingangels-1.png","contentUrl":"https:\/\/www.flyingangelsfoundation.org\/wp-content\/uploads\/2019\/11\/logo-flyingangels-1.png","width":394,"height":87,"caption":"Flying Angels Foundation"},"image":{"@id":"https:\/\/www.flyingangelsfoundation.org\/#\/schema\/logo\/image\/"}},{"@type":"Person","@id":"https:\/\/www.flyingangelsfoundation.org\/#\/schema\/person\/45c0807b7edc98d5b3df6d74a8d57333","name":"Marta Prisco","image":{"@type":"ImageObject","inLanguage":"en-GB","@id":"https:\/\/secure.gravatar.com\/avatar\/b49ad5b8ad2b966a43808c016da12481d94f182c2784f309aebdb6327af8e595?s=96&d=mm&r=g","url":"https:\/\/secure.gravatar.com\/avatar\/b49ad5b8ad2b966a43808c016da12481d94f182c2784f309aebdb6327af8e595?s=96&d=mm&r=g","contentUrl":"https:\/\/secure.gravatar.com\/avatar\/b49ad5b8ad2b966a43808c016da12481d94f182c2784f309aebdb6327af8e595?s=96&d=mm&r=g","caption":"Marta Prisco"}}]}},"_links":{"self":[{"href":"https:\/\/www.flyingangelsfoundation.org\/en\/wp-json\/wp\/v2\/posts\/83981","targetHints":{"allow":["GET"]}}],"collection":[{"href":"https:\/\/www.flyingangelsfoundation.org\/en\/wp-json\/wp\/v2\/posts"}],"about":[{"href":"https:\/\/www.flyingangelsfoundation.org\/en\/wp-json\/wp\/v2\/types\/post"}],"author":[{"embeddable":true,"href":"https:\/\/www.flyingangelsfoundation.org\/en\/wp-json\/wp\/v2\/users\/35"}],"replies":[{"embeddable":true,"href":"https:\/\/www.flyingangelsfoundation.org\/en\/wp-json\/wp\/v2\/comments?post=83981"}],"version-history":[{"count":9,"href":"https:\/\/www.flyingangelsfoundation.org\/en\/wp-json\/wp\/v2\/posts\/83981\/revisions"}],"predecessor-version":[{"id":84006,"href":"https:\/\/www.flyingangelsfoundation.org\/en\/wp-json\/wp\/v2\/posts\/83981\/revisions\/84006"}],"wp:featuredmedia":[{"embeddable":true,"href":"https:\/\/www.flyingangelsfoundation.org\/en\/wp-json\/wp\/v2\/media\/83993"}],"wp:attachment":[{"href":"https:\/\/www.flyingangelsfoundation.org\/en\/wp-json\/wp\/v2\/media?parent=83981"}],"wp:term":[{"taxonomy":"category","embeddable":true,"href":"https:\/\/www.flyingangelsfoundation.org\/en\/wp-json\/wp\/v2\/categories?post=83981"},{"taxonomy":"post_tag","embeddable":true,"href":"https:\/\/www.flyingangelsfoundation.org\/en\/wp-json\/wp\/v2\/tags?post=83981"}],"curies":[{"name":"wp","href":"https:\/\/api.w.org\/{rel}","templated":true}]}}