{"id":87029,"date":"2025-09-26T09:30:27","date_gmt":"2025-09-26T07:30:27","guid":{"rendered":"https:\/\/www.flyingangelsfoundation.org\/?p=87029"},"modified":"2025-09-26T14:16:06","modified_gmt":"2025-09-26T12:16:06","slug":"belen","status":"publish","type":"post","link":"https:\/\/www.flyingangelsfoundation.org\/en\/stories\/belen\/","title":{"rendered":"Belen"},"content":{"rendered":"<p>[et_pb_section fb_built=&#8221;1&#8243; module_id=&#8221;single-storie&#8221; _builder_version=&#8221;4.16&#8243; background_enable_color=&#8221;off&#8221; use_background_color_gradient=&#8221;on&#8221; background_color_gradient_direction=&#8221;360deg&#8221; background_color_gradient_stops=&#8221;#a7ddef 22%|rgba(12,12,12,0) 98%&#8221; background_color_gradient_start=&#8221;#a7ddef&#8221; background_color_gradient_start_position=&#8221;22%&#8221; background_color_gradient_end=&#8221;rgba(12,12,12,0)&#8221; background_color_gradient_end_position=&#8221;98%&#8221; background_enable_image=&#8221;off&#8221; global_colors_info=&#8221;{}&#8221;][et_pb_row use_custom_gutter=&#8221;on&#8221; gutter_width=&#8221;1&#8243; _builder_version=&#8221;4.16&#8243; global_colors_info=&#8221;{}&#8221;][et_pb_column type=&#8221;4_4&#8243; _builder_version=&#8221;4.16&#8243; global_colors_info=&#8221;{}&#8221;][et_pb_text _builder_version=&#8221;4.24.3&#8243; hover_enabled=&#8221;0&#8243; global_colors_info=&#8221;{}&#8221; sticky_enabled=&#8221;0&#8243;]<\/p>\n<h2>La storia di Belen<\/h2>\n<p>Belen \u00e8 una splendida bambina di 4 anni di <strong>El Salvador<\/strong>. Nasce in una grande famiglia composta da nonna, zia, cugino, sua mamma, suo pap\u00e0 e la sorella a cui gi\u00e0 era stata diagnosticata la sordit\u00e0 e che aveva potuto ottenere un impianto cocleare durante una missione a San Salvador. Mentre cresceva, i suoi genitori si sono subito accorti che qualcosa non andava: <strong>la piccola non rispondeva al suo nome e non reagiva ai suoni<\/strong>, proprio come era successo con la sorella. Avendo gi\u00e0 avuto una precedente esperienza, la famiglia sapeva come procedere ed ha portato la piccola a visitare al Centro de Audici\u00f3n y Lenguaje de San Salvador. Qui, quando Belen aveva appena compiuto 3 anni, hanno confermato i loro sospetti: anche lei non sente ma, fortunatamente, anche il suo caso \u00e8 compatibile con un impianto cocleare. La famiglia corre subito dalla Fundacion Garc\u00eda Iba\u00f1ez che aveva organizzato l&#8217;operazione della sorella per chiedere di prendere in carico anche Belen. Purtroppo nel loro Paese non ci sono le competenze n\u00e9 gli strumenti e <strong>bisogna attendere l&#8217;arrivo di una nuova \u00e9quipe<\/strong>.<\/p>\n<p>La piccola Belen viene messa in lista ma il tempo passa e, quando finalmente \u00e8 prevista una missione a San Salvador, Belen ha gi\u00e0 4 anni e <strong>la precedenza viene data ai bambini pi\u00f9 piccoli<\/strong> per cui il percorso di riabilitazione \u00e8 pi\u00f9 semplice.<\/p>\n<p>La famiglia \u00e8 molto frustrata: Belen non pu\u00f2 andare a scuola perch\u00e9 non hanno un percorso di integrazione e quindi <strong>resta sempre pi\u00f9 isolata<\/strong>.<\/p>\n<p>I genitori non si danno per vinti e contattano la sede della Fundacion Garc\u00eda Iba\u00f1ez a Barcellona dove gli confermano che possono prendere in carico la bambina per effettuarle il trapianto ma <strong>deve trovare il modo di arrivare a Barcellona<\/strong>. La fondazione fornisce alla famiglia il contatto di un&#8217;associazione amica che si occuper\u00e0 di accoglierli e ospitarli per la degenza extraospedaliera: Infancia Solidaria. Resta da capire come raggiungere la Spagna visto che le risorse della famiglia sono gi\u00e0 messe a dura prova dalla terapia della sorella maggiore che per\u00f2 sta iniziando a parlare e a interagire con il mondo infondendo speranza alla famiglia anche per Belen.<\/p>\n<p>Alicia di Infancia Solidaria ci contatta subito presentando il caso e, <strong>in meno di 24 ore, tutto \u00e8 organizzato<\/strong>: il volo, la data del ricovero e l&#8217;accoglienza. <strong>Dopo pi\u00f9 di un anno di attesa in una giornata il futuro di Belen cambia<\/strong> grazie a una cordata internazionale di solidariet\u00e0 fatta di Organizzazioni ma, soprattutto, <strong>dei sostenitori che permettono di alimentare la speranza<\/strong>.<\/p>\n<p>[\/et_pb_text][\/et_pb_column][\/et_pb_row][et_pb_row column_structure=&#8221;1_4,3_4&#8243; use_custom_gutter=&#8221;on&#8221; gutter_width=&#8221;1&#8243; _builder_version=&#8221;4.16&#8243; global_colors_info=&#8221;{}&#8221;][et_pb_column type=&#8221;1_4&#8243; _builder_version=&#8221;4.16&#8243; global_colors_info=&#8221;{}&#8221;][et_pb_blurb image=&#8221;https:\/\/www.flyingangelsfoundation.org\/wp-content\/uploads\/2020\/02\/partenza.svg&#8221; image_icon_width=&#8221;40%&#8221; admin_label=&#8221;partenza&#8221; _builder_version=&#8221;4.13.0&#8243; module_alignment=&#8221;center&#8221; image_max_width=&#8221;40%&#8221; global_module=&#8221;2018&#8243; saved_tabs=&#8221;all&#8221; global_colors_info=&#8221;{}&#8221;][\/et_pb_blurb][\/et_pb_column][et_pb_column type=&#8221;3_4&#8243; _builder_version=&#8221;4.16&#8243; global_colors_info=&#8221;{}&#8221;][et_pb_text admin_label=&#8221;partenza&#8221; _builder_version=&#8221;4.24.3&#8243; global_module=&#8221;2013&#8243; saved_tabs=&#8221;all&#8221; global_colors_info=&#8221;{}&#8221;]<\/p>\n<h2>The departure<\/h2>\n<p>[\/et_pb_text][et_pb_text _builder_version=&#8221;4.24.3&#8243; hover_enabled=&#8221;0&#8243; global_colors_info=&#8221;{}&#8221; sticky_enabled=&#8221;0&#8243;]<\/p>\n<p style=\"font-weight: 400;\">Belen parte il 2 giugno da San Salvador e, il giorno successivo, atterra a Barcellona dove viene accolta dai volontari di Infancia Solidaria.<\/p>\n<p>[\/et_pb_text][\/et_pb_column][\/et_pb_row][et_pb_row column_structure=&#8221;1_4,3_4&#8243; use_custom_gutter=&#8221;on&#8221; gutter_width=&#8221;1&#8243; _builder_version=&#8221;4.16&#8243; global_colors_info=&#8221;{}&#8221;][et_pb_column type=&#8221;1_4&#8243; _builder_version=&#8221;4.16&#8243; global_colors_info=&#8221;{}&#8221;][et_pb_blurb image=&#8221;https:\/\/www.flyingangelsfoundation.org\/wp-content\/uploads\/2020\/02\/intervento.svg&#8221; image_icon_width=&#8221;40%&#8221; admin_label=&#8221;intervento&#8221; _builder_version=&#8221;4.13.0&#8243; module_alignment=&#8221;center&#8221; image_max_width=&#8221;40%&#8221; global_module=&#8221;2017&#8243; saved_tabs=&#8221;all&#8221; global_colors_info=&#8221;{}&#8221;][\/et_pb_blurb][\/et_pb_column][et_pb_column type=&#8221;3_4&#8243; _builder_version=&#8221;4.16&#8243; global_colors_info=&#8221;{}&#8221;][et_pb_text admin_label=&#8221;intervento&#8221; _builder_version=&#8221;4.4.0&#8243; global_module=&#8221;2014&#8243; saved_tabs=&#8221;all&#8221; global_colors_info=&#8221;{}&#8221;]<\/p>\n<h3>L&#8217;intervento<\/h3>\n<p>[\/et_pb_text][et_pb_text _builder_version=&#8221;4.24.3&#8243; hover_enabled=&#8221;0&#8243; global_colors_info=&#8221;{}&#8221; sticky_enabled=&#8221;0&#8243;]<\/p>\n<div>The <strong>10 giugno Belen si sottopone all&#8217;operazione<\/strong> alla Clinica Tres Torres. Tutto procede bene e, dopo una settimana, vengono rimossi i punti e pochi giorni dopo viene dimessa. Rimarr\u00e0 ancora a Barcellona ospite di Infancia Solidaria per u<strong>n paio di settimane per tutti i controlli<\/strong>.<\/div>\n<p>[\/et_pb_text][\/et_pb_column][\/et_pb_row][et_pb_row column_structure=&#8221;1_4,3_4&#8243; use_custom_gutter=&#8221;on&#8221; gutter_width=&#8221;1&#8243; disabled_on=&#8221;off|off|off&#8221; _builder_version=&#8221;4.16&#8243; global_colors_info=&#8221;{}&#8221;][et_pb_column type=&#8221;1_4&#8243; _builder_version=&#8221;4.16&#8243; global_colors_info=&#8221;{}&#8221;][et_pb_blurb image=&#8221;https:\/\/www.flyingangelsfoundation.org\/wp-content\/uploads\/2020\/02\/ritorno.svg&#8221; image_icon_width=&#8221;40%&#8221; admin_label=&#8221;Ritorno&#8221; _builder_version=&#8221;4.24.3&#8243; module_alignment=&#8221;center&#8221; image_max_width=&#8221;40%&#8221; global_module=&#8221;2016&#8243; saved_tabs=&#8221;all&#8221; global_colors_info=&#8221;{}&#8221;][\/et_pb_blurb][\/et_pb_column][et_pb_column type=&#8221;3_4&#8243; _builder_version=&#8221;4.16&#8243; global_colors_info=&#8221;{}&#8221;][et_pb_text admin_label=&#8221;ritorno&#8221; _builder_version=&#8221;4.4.0&#8243; global_module=&#8221;2015&#8243; saved_tabs=&#8221;all&#8221; global_colors_info=&#8221;{}&#8221;]<\/p>\n<h3>Back home<\/h3>\n<p>[\/et_pb_text][et_pb_text _builder_version=&#8221;4.24.3&#8243; hover_enabled=&#8221;0&#8243; global_colors_info=&#8221;{}&#8221; sticky_enabled=&#8221;0&#8243;]<\/p>\n<p style=\"font-weight: 400;\">Il 29 giugno Belen rientra a casa pronta a <strong>intraprendere il suo percorso di apprendimento insieme alla sorella<\/strong>.<\/p>\n<p>[\/et_pb_text][\/et_pb_column][\/et_pb_row][et_pb_row _builder_version=&#8221;4.24.3&#8243; _module_preset=&#8221;default&#8221; global_colors_info=&#8221;{}&#8221;][et_pb_column type=&#8221;4_4&#8243; _builder_version=&#8221;4.24.3&#8243; _module_preset=&#8221;default&#8221; overflow-x=&#8221;auto&#8221; overflow-y=&#8221;auto&#8221; global_colors_info=&#8221;{}&#8221;][et_pb_video src=&#8221;https:\/\/youtube.com\/shorts\/1gOm_GqOx0U&#8221; _builder_version=&#8221;4.24.3&#8243; _module_preset=&#8221;default&#8221; hover_enabled=&#8221;0&#8243; global_colors_info=&#8221;{}&#8221; sticky_enabled=&#8221;0&#8243;][\/et_pb_video][et_pb_text _builder_version=&#8221;4.24.3&#8243; _module_preset=&#8221;default&#8221; hover_enabled=&#8221;0&#8243; global_colors_info=&#8221;{}&#8221; sticky_enabled=&#8221;0&#8243;]<\/p>\n<p style=\"font-weight: 400;\">Belen \u00e8 una bimba <strong>vivace e brillante<\/strong>. La sua vita, e quella della sua famiglia, \u00e8 cambiata in poco meno di un mese in un susseguirsi di emozioni. Adesso sta affrontando un percorso di apprendimento che sicuramente sar\u00e0 lungo ma le permetter\u00e0 di comunicare, studiare, conoscere il mondo insieme alla sua grande famiglia e a sua sorella.<\/p>\n<p>[\/et_pb_text][et_pb_button button_url=&#8221;https:\/\/www.flyingangelsfoundation.org\/voli-da-finanziare\/&#8221; url_new_window=&#8221;on&#8221; button_text=&#8221;Sostieni il viaggio di altri bambini verso la salute&#8221; button_alignment=&#8221;center&#8221; _builder_version=&#8221;4.24.3&#8243; _module_preset=&#8221;default&#8221; global_colors_info=&#8221;{}&#8221;][\/et_pb_button][\/et_pb_column][\/et_pb_row][\/et_pb_section]<\/p>","protected":false},"excerpt":{"rendered":"<p>La storia di Belen che, come la sorella maggiore, \u00e8 nata sorda. La sorella ha potuto essere operata da un&#8217;\u00e9quipe in San Salvador. Belen non \u00e8 stata cos\u00ec fortunata. Le speranze sembravano perdute ma, grazie a un volo, da San Salvador ha potuto raggiungere l&#8217;ospedale pronto ad aiutarla in Spagna.<\/p>","protected":false},"author":35,"featured_media":85798,"comment_status":"open","ping_status":"open","sticky":false,"template":"","format":"standard","meta":{"_et_pb_use_builder":"on","_et_pb_old_content":"","_et_gb_content_width":"","footnotes":""},"categories":[32,17],"tags":[],"class_list":["post-87029","post","type-post","status-publish","format-standard","has-post-thumbnail","hentry","category-en","category-storie"],"yoast_head":"<!-- This site is optimized with the Yoast SEO plugin v27.5 - https:\/\/yoast.com\/product\/yoast-seo-wordpress\/ -->\n<title>Belen - Flying Angels Foundation ETS<\/title>\n<meta name=\"description\" content=\"Belen, \u00e8 nata sorda ma, diversamente dalla sorella, non ha potuto essere operata da un \u00e9quipe e ha dovuto volare in Spagna con la sua mamma.\" \/>\n<meta name=\"robots\" content=\"index, follow, max-snippet:-1, max-image-preview:large, max-video-preview:-1\" \/>\n<link rel=\"canonical\" href=\"https:\/\/www.flyingangelsfoundation.org\/en\/stories\/belen\/\" \/>\n<meta property=\"og:locale\" content=\"en_GB\" \/>\n<meta property=\"og:type\" content=\"article\" \/>\n<meta property=\"og:title\" content=\"Belen - Flying Angels Foundation ETS\" \/>\n<meta property=\"og:description\" content=\"Belen, \u00e8 nata sorda ma, diversamente dalla sorella, non ha potuto essere operata da un \u00e9quipe e ha dovuto volare in Spagna con la sua mamma.\" \/>\n<meta property=\"og:url\" content=\"https:\/\/www.flyingangelsfoundation.org\/en\/stories\/belen\/\" \/>\n<meta property=\"og:site_name\" content=\"Flying Angels Foundation ETS\" \/>\n<meta property=\"article:published_time\" content=\"2025-09-26T07:30:27+00:00\" \/>\n<meta property=\"article:modified_time\" content=\"2025-09-26T12:16:06+00:00\" \/>\n<meta property=\"og:image\" content=\"https:\/\/www.flyingangelsfoundation.org\/wp-content\/uploads\/2025\/05\/Foto-Belen-copia.jpeg\" \/>\n\t<meta property=\"og:image:width\" content=\"803\" \/>\n\t<meta property=\"og:image:height\" content=\"802\" \/>\n\t<meta property=\"og:image:type\" content=\"image\/jpeg\" \/>\n<meta name=\"author\" content=\"Marta Prisco\" \/>\n<meta name=\"twitter:card\" content=\"summary_large_image\" \/>\n<meta name=\"twitter:label1\" content=\"Written by\" \/>\n\t<meta name=\"twitter:data1\" content=\"Marta Prisco\" \/>\n\t<meta name=\"twitter:label2\" content=\"Estimated reading time\" \/>\n\t<meta name=\"twitter:data2\" content=\"5 minutes\" \/>\n<script type=\"application\/ld+json\" class=\"yoast-schema-graph\">{\"@context\":\"https:\\\/\\\/schema.org\",\"@graph\":[{\"@type\":\"Article\",\"@id\":\"https:\\\/\\\/www.flyingangelsfoundation.org\\\/storie\\\/belen\\\/#article\",\"isPartOf\":{\"@id\":\"https:\\\/\\\/www.flyingangelsfoundation.org\\\/storie\\\/belen\\\/\"},\"author\":{\"name\":\"Marta Prisco\",\"@id\":\"https:\\\/\\\/www.flyingangelsfoundation.org\\\/#\\\/schema\\\/person\\\/45c0807b7edc98d5b3df6d74a8d57333\"},\"headline\":\"Belen\",\"datePublished\":\"2025-09-26T07:30:27+00:00\",\"dateModified\":\"2025-09-26T12:16:06+00:00\",\"mainEntityOfPage\":{\"@id\":\"https:\\\/\\\/www.flyingangelsfoundation.org\\\/storie\\\/belen\\\/\"},\"wordCount\":1130,\"commentCount\":0,\"publisher\":{\"@id\":\"https:\\\/\\\/www.flyingangelsfoundation.org\\\/#organization\"},\"image\":{\"@id\":\"https:\\\/\\\/www.flyingangelsfoundation.org\\\/storie\\\/belen\\\/#primaryimage\"},\"thumbnailUrl\":\"https:\\\/\\\/www.flyingangelsfoundation.org\\\/wp-content\\\/uploads\\\/2025\\\/05\\\/Foto-Belen-copia.jpeg\",\"articleSection\":[\"en\",\"Storie\"],\"inLanguage\":\"en-GB\",\"potentialAction\":[{\"@type\":\"CommentAction\",\"name\":\"Comment\",\"target\":[\"https:\\\/\\\/www.flyingangelsfoundation.org\\\/storie\\\/belen\\\/#respond\"]}]},{\"@type\":\"WebPage\",\"@id\":\"https:\\\/\\\/www.flyingangelsfoundation.org\\\/storie\\\/belen\\\/\",\"url\":\"https:\\\/\\\/www.flyingangelsfoundation.org\\\/storie\\\/belen\\\/\",\"name\":\"Belen - Flying Angels Foundation ETS\",\"isPartOf\":{\"@id\":\"https:\\\/\\\/www.flyingangelsfoundation.org\\\/#website\"},\"primaryImageOfPage\":{\"@id\":\"https:\\\/\\\/www.flyingangelsfoundation.org\\\/storie\\\/belen\\\/#primaryimage\"},\"image\":{\"@id\":\"https:\\\/\\\/www.flyingangelsfoundation.org\\\/storie\\\/belen\\\/#primaryimage\"},\"thumbnailUrl\":\"https:\\\/\\\/www.flyingangelsfoundation.org\\\/wp-content\\\/uploads\\\/2025\\\/05\\\/Foto-Belen-copia.jpeg\",\"datePublished\":\"2025-09-26T07:30:27+00:00\",\"dateModified\":\"2025-09-26T12:16:06+00:00\",\"description\":\"Belen, \u00e8 nata sorda ma, diversamente dalla sorella, non ha potuto essere operata da un \u00e9quipe e ha dovuto volare in Spagna con la sua mamma.\",\"breadcrumb\":{\"@id\":\"https:\\\/\\\/www.flyingangelsfoundation.org\\\/storie\\\/belen\\\/#breadcrumb\"},\"inLanguage\":\"en-GB\",\"potentialAction\":[{\"@type\":\"ReadAction\",\"target\":[\"https:\\\/\\\/www.flyingangelsfoundation.org\\\/storie\\\/belen\\\/\"]}]},{\"@type\":\"ImageObject\",\"inLanguage\":\"en-GB\",\"@id\":\"https:\\\/\\\/www.flyingangelsfoundation.org\\\/storie\\\/belen\\\/#primaryimage\",\"url\":\"https:\\\/\\\/www.flyingangelsfoundation.org\\\/wp-content\\\/uploads\\\/2025\\\/05\\\/Foto-Belen-copia.jpeg\",\"contentUrl\":\"https:\\\/\\\/www.flyingangelsfoundation.org\\\/wp-content\\\/uploads\\\/2025\\\/05\\\/Foto-Belen-copia.jpeg\",\"width\":803,\"height\":802},{\"@type\":\"BreadcrumbList\",\"@id\":\"https:\\\/\\\/www.flyingangelsfoundation.org\\\/storie\\\/belen\\\/#breadcrumb\",\"itemListElement\":[{\"@type\":\"ListItem\",\"position\":1,\"name\":\"Home\",\"item\":\"https:\\\/\\\/www.flyingangelsfoundation.org\\\/\"},{\"@type\":\"ListItem\",\"position\":2,\"name\":\"Belen\"}]},{\"@type\":\"WebSite\",\"@id\":\"https:\\\/\\\/www.flyingangelsfoundation.org\\\/#website\",\"url\":\"https:\\\/\\\/www.flyingangelsfoundation.org\\\/\",\"name\":\"Flying Angels Foundation ETS\",\"description\":\"abbiamo bisogno di te per farli volare\",\"publisher\":{\"@id\":\"https:\\\/\\\/www.flyingangelsfoundation.org\\\/#organization\"},\"potentialAction\":[{\"@type\":\"SearchAction\",\"target\":{\"@type\":\"EntryPoint\",\"urlTemplate\":\"https:\\\/\\\/www.flyingangelsfoundation.org\\\/?s={search_term_string}\"},\"query-input\":{\"@type\":\"PropertyValueSpecification\",\"valueRequired\":true,\"valueName\":\"search_term_string\"}}],\"inLanguage\":\"en-GB\"},{\"@type\":\"Organization\",\"@id\":\"https:\\\/\\\/www.flyingangelsfoundation.org\\\/#organization\",\"name\":\"Flying Angels Foundation\",\"url\":\"https:\\\/\\\/www.flyingangelsfoundation.org\\\/\",\"logo\":{\"@type\":\"ImageObject\",\"inLanguage\":\"en-GB\",\"@id\":\"https:\\\/\\\/www.flyingangelsfoundation.org\\\/#\\\/schema\\\/logo\\\/image\\\/\",\"url\":\"https:\\\/\\\/www.flyingangelsfoundation.org\\\/wp-content\\\/uploads\\\/2019\\\/11\\\/logo-flyingangels-1.png\",\"contentUrl\":\"https:\\\/\\\/www.flyingangelsfoundation.org\\\/wp-content\\\/uploads\\\/2019\\\/11\\\/logo-flyingangels-1.png\",\"width\":394,\"height\":87,\"caption\":\"Flying Angels Foundation\"},\"image\":{\"@id\":\"https:\\\/\\\/www.flyingangelsfoundation.org\\\/#\\\/schema\\\/logo\\\/image\\\/\"}},{\"@type\":\"Person\",\"@id\":\"https:\\\/\\\/www.flyingangelsfoundation.org\\\/#\\\/schema\\\/person\\\/45c0807b7edc98d5b3df6d74a8d57333\",\"name\":\"Marta Prisco\",\"image\":{\"@type\":\"ImageObject\",\"inLanguage\":\"en-GB\",\"@id\":\"https:\\\/\\\/secure.gravatar.com\\\/avatar\\\/b49ad5b8ad2b966a43808c016da12481d94f182c2784f309aebdb6327af8e595?s=96&d=mm&r=g\",\"url\":\"https:\\\/\\\/secure.gravatar.com\\\/avatar\\\/b49ad5b8ad2b966a43808c016da12481d94f182c2784f309aebdb6327af8e595?s=96&d=mm&r=g\",\"contentUrl\":\"https:\\\/\\\/secure.gravatar.com\\\/avatar\\\/b49ad5b8ad2b966a43808c016da12481d94f182c2784f309aebdb6327af8e595?s=96&d=mm&r=g\",\"caption\":\"Marta Prisco\"}}]}<\/script>\n<!-- \/ Yoast SEO plugin. -->","yoast_head_json":{"title":"Belen - Flying Angels Foundation ETS","description":"Belen, \u00e8 nata sorda ma, diversamente dalla sorella, non ha potuto essere operata da un \u00e9quipe e ha dovuto volare in Spagna con la sua mamma.","robots":{"index":"index","follow":"follow","max-snippet":"max-snippet:-1","max-image-preview":"max-image-preview:large","max-video-preview":"max-video-preview:-1"},"canonical":"https:\/\/www.flyingangelsfoundation.org\/en\/stories\/belen\/","og_locale":"en_GB","og_type":"article","og_title":"Belen - Flying Angels Foundation ETS","og_description":"Belen, \u00e8 nata sorda ma, diversamente dalla sorella, non ha potuto essere operata da un \u00e9quipe e ha dovuto volare in Spagna con la sua mamma.","og_url":"https:\/\/www.flyingangelsfoundation.org\/en\/stories\/belen\/","og_site_name":"Flying Angels Foundation ETS","article_published_time":"2025-09-26T07:30:27+00:00","article_modified_time":"2025-09-26T12:16:06+00:00","og_image":[{"width":803,"height":802,"url":"https:\/\/www.flyingangelsfoundation.org\/wp-content\/uploads\/2025\/05\/Foto-Belen-copia.jpeg","type":"image\/jpeg"}],"author":"Marta Prisco","twitter_card":"summary_large_image","twitter_misc":{"Written by":"Marta Prisco","Estimated reading time":"5 minutes"},"schema":{"@context":"https:\/\/schema.org","@graph":[{"@type":"Article","@id":"https:\/\/www.flyingangelsfoundation.org\/storie\/belen\/#article","isPartOf":{"@id":"https:\/\/www.flyingangelsfoundation.org\/storie\/belen\/"},"author":{"name":"Marta Prisco","@id":"https:\/\/www.flyingangelsfoundation.org\/#\/schema\/person\/45c0807b7edc98d5b3df6d74a8d57333"},"headline":"Belen","datePublished":"2025-09-26T07:30:27+00:00","dateModified":"2025-09-26T12:16:06+00:00","mainEntityOfPage":{"@id":"https:\/\/www.flyingangelsfoundation.org\/storie\/belen\/"},"wordCount":1130,"commentCount":0,"publisher":{"@id":"https:\/\/www.flyingangelsfoundation.org\/#organization"},"image":{"@id":"https:\/\/www.flyingangelsfoundation.org\/storie\/belen\/#primaryimage"},"thumbnailUrl":"https:\/\/www.flyingangelsfoundation.org\/wp-content\/uploads\/2025\/05\/Foto-Belen-copia.jpeg","articleSection":["en","Storie"],"inLanguage":"en-GB","potentialAction":[{"@type":"CommentAction","name":"Comment","target":["https:\/\/www.flyingangelsfoundation.org\/storie\/belen\/#respond"]}]},{"@type":"WebPage","@id":"https:\/\/www.flyingangelsfoundation.org\/storie\/belen\/","url":"https:\/\/www.flyingangelsfoundation.org\/storie\/belen\/","name":"Belen - Flying Angels Foundation ETS","isPartOf":{"@id":"https:\/\/www.flyingangelsfoundation.org\/#website"},"primaryImageOfPage":{"@id":"https:\/\/www.flyingangelsfoundation.org\/storie\/belen\/#primaryimage"},"image":{"@id":"https:\/\/www.flyingangelsfoundation.org\/storie\/belen\/#primaryimage"},"thumbnailUrl":"https:\/\/www.flyingangelsfoundation.org\/wp-content\/uploads\/2025\/05\/Foto-Belen-copia.jpeg","datePublished":"2025-09-26T07:30:27+00:00","dateModified":"2025-09-26T12:16:06+00:00","description":"Belen, \u00e8 nata sorda ma, diversamente dalla sorella, non ha potuto essere operata da un \u00e9quipe e ha dovuto volare in Spagna con la sua mamma.","breadcrumb":{"@id":"https:\/\/www.flyingangelsfoundation.org\/storie\/belen\/#breadcrumb"},"inLanguage":"en-GB","potentialAction":[{"@type":"ReadAction","target":["https:\/\/www.flyingangelsfoundation.org\/storie\/belen\/"]}]},{"@type":"ImageObject","inLanguage":"en-GB","@id":"https:\/\/www.flyingangelsfoundation.org\/storie\/belen\/#primaryimage","url":"https:\/\/www.flyingangelsfoundation.org\/wp-content\/uploads\/2025\/05\/Foto-Belen-copia.jpeg","contentUrl":"https:\/\/www.flyingangelsfoundation.org\/wp-content\/uploads\/2025\/05\/Foto-Belen-copia.jpeg","width":803,"height":802},{"@type":"BreadcrumbList","@id":"https:\/\/www.flyingangelsfoundation.org\/storie\/belen\/#breadcrumb","itemListElement":[{"@type":"ListItem","position":1,"name":"Home","item":"https:\/\/www.flyingangelsfoundation.org\/"},{"@type":"ListItem","position":2,"name":"Belen"}]},{"@type":"WebSite","@id":"https:\/\/www.flyingangelsfoundation.org\/#website","url":"https:\/\/www.flyingangelsfoundation.org\/","name":"Flying Angels Foundation ETS","description":"abbiamo bisogno di te per farli volare","publisher":{"@id":"https:\/\/www.flyingangelsfoundation.org\/#organization"},"potentialAction":[{"@type":"SearchAction","target":{"@type":"EntryPoint","urlTemplate":"https:\/\/www.flyingangelsfoundation.org\/?s={search_term_string}"},"query-input":{"@type":"PropertyValueSpecification","valueRequired":true,"valueName":"search_term_string"}}],"inLanguage":"en-GB"},{"@type":"Organization","@id":"https:\/\/www.flyingangelsfoundation.org\/#organization","name":"Flying Angels Foundation","url":"https:\/\/www.flyingangelsfoundation.org\/","logo":{"@type":"ImageObject","inLanguage":"en-GB","@id":"https:\/\/www.flyingangelsfoundation.org\/#\/schema\/logo\/image\/","url":"https:\/\/www.flyingangelsfoundation.org\/wp-content\/uploads\/2019\/11\/logo-flyingangels-1.png","contentUrl":"https:\/\/www.flyingangelsfoundation.org\/wp-content\/uploads\/2019\/11\/logo-flyingangels-1.png","width":394,"height":87,"caption":"Flying Angels Foundation"},"image":{"@id":"https:\/\/www.flyingangelsfoundation.org\/#\/schema\/logo\/image\/"}},{"@type":"Person","@id":"https:\/\/www.flyingangelsfoundation.org\/#\/schema\/person\/45c0807b7edc98d5b3df6d74a8d57333","name":"Marta Prisco","image":{"@type":"ImageObject","inLanguage":"en-GB","@id":"https:\/\/secure.gravatar.com\/avatar\/b49ad5b8ad2b966a43808c016da12481d94f182c2784f309aebdb6327af8e595?s=96&d=mm&r=g","url":"https:\/\/secure.gravatar.com\/avatar\/b49ad5b8ad2b966a43808c016da12481d94f182c2784f309aebdb6327af8e595?s=96&d=mm&r=g","contentUrl":"https:\/\/secure.gravatar.com\/avatar\/b49ad5b8ad2b966a43808c016da12481d94f182c2784f309aebdb6327af8e595?s=96&d=mm&r=g","caption":"Marta Prisco"}}]}},"_links":{"self":[{"href":"https:\/\/www.flyingangelsfoundation.org\/en\/wp-json\/wp\/v2\/posts\/87029","targetHints":{"allow":["GET"]}}],"collection":[{"href":"https:\/\/www.flyingangelsfoundation.org\/en\/wp-json\/wp\/v2\/posts"}],"about":[{"href":"https:\/\/www.flyingangelsfoundation.org\/en\/wp-json\/wp\/v2\/types\/post"}],"author":[{"embeddable":true,"href":"https:\/\/www.flyingangelsfoundation.org\/en\/wp-json\/wp\/v2\/users\/35"}],"replies":[{"embeddable":true,"href":"https:\/\/www.flyingangelsfoundation.org\/en\/wp-json\/wp\/v2\/comments?post=87029"}],"version-history":[{"count":9,"href":"https:\/\/www.flyingangelsfoundation.org\/en\/wp-json\/wp\/v2\/posts\/87029\/revisions"}],"predecessor-version":[{"id":87074,"href":"https:\/\/www.flyingangelsfoundation.org\/en\/wp-json\/wp\/v2\/posts\/87029\/revisions\/87074"}],"wp:featuredmedia":[{"embeddable":true,"href":"https:\/\/www.flyingangelsfoundation.org\/en\/wp-json\/wp\/v2\/media\/85798"}],"wp:attachment":[{"href":"https:\/\/www.flyingangelsfoundation.org\/en\/wp-json\/wp\/v2\/media?parent=87029"}],"wp:term":[{"taxonomy":"category","embeddable":true,"href":"https:\/\/www.flyingangelsfoundation.org\/en\/wp-json\/wp\/v2\/categories?post=87029"},{"taxonomy":"post_tag","embeddable":true,"href":"https:\/\/www.flyingangelsfoundation.org\/en\/wp-json\/wp\/v2\/tags?post=87029"}],"curies":[{"name":"wp","href":"https:\/\/api.w.org\/{rel}","templated":true}]}}